{"id":9975,"date":"2021-09-30T17:49:21","date_gmt":"2021-09-30T17:49:21","guid":{"rendered":"https:\/\/www.elgrillitosuena.com\/inicio\/?p=9975"},"modified":"2021-09-30T17:49:21","modified_gmt":"2021-09-30T17:49:21","slug":"alejandro-fernandez-cantara-en-el-festival-internacional-del-globo-de-guanajuato","status":"publish","type":"post","link":"https:\/\/www.elgrillitosuena.com\/inicio\/life-style\/espectaculos\/alejandro-fernandez-cantara-en-el-festival-internacional-del-globo-de-guanajuato\/","title":{"rendered":"Alejandro Fern\u00e1ndez cantar\u00e1 en el Festival Internacional del Globo de Guanajuato"},"content":{"rendered":"<p><img decoding=\"async\" src=\"https:\/\/heraldodemexico.com.mx\/u\/fotografias\/m\/2021\/9\/29\/f960x540-425880_499955_0.jpg\" alt=\"El Potrillo cantar\u00e1 algunos de sus m\u00e1s grandes \u00e9xitos.\" \/><\/p>\n<p>Tal parece que el regreso a la nueva normalidad del\u00a0<strong>Festival Internacional del Globo<\/strong>, celebrado en Le\u00f3n, Guanajuato, ser\u00e1 todo un \u00e9xito\u00a0pues aunque poco a poco los organizadores han ido revelado informaci\u00f3n del imperdible evento, ahora ha salido a la luz que tendr\u00e1n de invitado a una gran estrella:\u00a0<strong>Alejandro Fern\u00e1ndez<\/strong>.<\/p>\n<p>Seg\u00fan el staff del FIG, &#8220;El Potrillo&#8221; se presentar\u00e1 en el evento como\u00a0parte de su gira \u201cHecho en M\u00e9xico\u201d.<\/p>\n<p>Ser\u00e1 el pr\u00f3ximo\u00a0domingo\u00a0<strong>14 de Noviembre\u00a0<\/strong>en una presentaci\u00f3n \u00fanica en la que\u00a0globos aerost\u00e1ticos, luces y m\u00fasica har\u00e1n de \u00e9sta, una Noche M\u00e1gica sin precedentes.<\/p>\n<p>En compa\u00f1\u00eda de Globos Aerost\u00e1ticos, El Potrillo comenzar\u00e1 su concierto en el FIG Main Stage, donde expondr\u00e1 sus mayores \u00e9xitos, as\u00ed como el repertorio de su d\u00e9cimo sexto disco del que toma nombre la gira y que fue nominado al premio Lo Nuestro y obtuvo un Grammy Latino como\u00a0<strong>Mejor \u00c1lbum Ranchero.<\/strong><\/p>\n<p>Durante su presentaci\u00f3n el hijo de &#8220;El Charro de Huentit\u00e1n&#8221; cantar\u00e1 \u00e9xitos como &#8220;Hoy tengo ganas de ti&#8221;, &#8220;Como quien pierde una estrella&#8221;, &#8220;Se me va la voz&#8221;, &#8220;Canta coraz\u00f3n&#8221;, &#8220;Tantita pena&#8221;, &#8220;Me dediqu\u00e9 a perderte&#8221; y su m\u00e1s reciente sencillo &#8220;No lo beses&#8221;.<\/p>\n<h2>\u00bfCu\u00e1ndo ser\u00e1 el\u00a0Festival Internacional del Globo 2021?<\/h2>\n<p>El Festival Internacional del Globo prepara una\u00a0<strong>Noche de Gala\u00a0<\/strong>por el festejo de sus 20 ediciones y que se celebrar\u00e1 del\u00a012 al 15 de noviembre con el despegue masivo de 200 globos, figuras especiales, incre\u00edbles\u00a0noches m\u00e1gicas, conciertos y eventos alternos durante todo el d\u00eda.<\/p>\n<p>Actualmente el FIGLe\u00f3n es uno de los eventos de aerostaci\u00f3n m\u00e1s grandes e importantes del mundo, convocando a pilotos de 20 pa\u00edses, reuniendo\u00a0<strong>200 aeronaves<\/strong>, figuras especiales, dirigibles y presentando espect\u00e1culos de primer nivel al alcance de todos.<\/p>\n<p>A diferencia del a\u00f1o pasado, que por motivo de la pandemia tuvo que cerrar sus puertas a los asistentes, ahora el evento tendr\u00e1 cupo limitado y con estrictas medidas sanitarias.<\/p>\n<p>El boleto tendr\u00e1 un costo de 230 pesos por persona y se pueden adquirir en\u00a0superboletos.com\/SuperBoletos\/GUANAJUATO\/FERIAEXPO\/GTO-FIG; sin embargo, el despegue masivo de globos y las Noches M\u00e1gicas podr\u00e1s disfrutarlas desde donde est\u00e9s a trav\u00e9s de FIG en Directo disponible gratuitamente en redes sociales, sitio web y canal de YouTube del evento.<\/p>\n<p>Con informaci\u00f3n de Heraldo de M\u00e9xico<\/p>\n","protected":false},"excerpt":{"rendered":"<p>Tal parece que el regreso a la nueva normalidad del\u00a0Festival Internacional del Globo, celebrado en Le\u00f3n, Guanajuato, ser\u00e1 todo un \u00e9xito\u00a0pues aunque poco a poco los organizadores han ido revelado informaci\u00f3n del imperdible evento, ahora ha salido a la luz que tendr\u00e1n de invitado a una gran estrella:\u00a0Alejandro Fern\u00e1ndez. Seg\u00fan el staff del FIG, &#8220;El &hellip;<\/p>\n","protected":false},"author":6,"featured_media":9976,"comment_status":"open","ping_status":"closed","sticky":false,"template":"","format":"standard","meta":[],"categories":[44],"tags":[2776,2775,1103],"_links":{"self":[{"href":"https:\/\/www.elgrillitosuena.com\/inicio\/wp-json\/wp\/v2\/posts\/9975"}],"collection":[{"href":"https:\/\/www.elgrillitosuena.com\/inicio\/wp-json\/wp\/v2\/posts"}],"about":[{"href":"https:\/\/www.elgrillitosuena.com\/inicio\/wp-json\/wp\/v2\/types\/post"}],"author":[{"embeddable":true,"href":"https:\/\/www.elgrillitosuena.com\/inicio\/wp-json\/wp\/v2\/users\/6"}],"replies":[{"embeddable":true,"href":"https:\/\/www.elgrillitosuena.com\/inicio\/wp-json\/wp\/v2\/comments?post=9975"}],"version-history":[{"count":1,"href":"https:\/\/www.elgrillitosuena.com\/inicio\/wp-json\/wp\/v2\/posts\/9975\/revisions"}],"predecessor-version":[{"id":9977,"href":"https:\/\/www.elgrillitosuena.com\/inicio\/wp-json\/wp\/v2\/posts\/9975\/revisions\/9977"}],"wp:featuredmedia":[{"embeddable":true,"href":"https:\/\/www.elgrillitosuena.com\/inicio\/wp-json\/wp\/v2\/media\/9976"}],"wp:attachment":[{"href":"https:\/\/www.elgrillitosuena.com\/inicio\/wp-json\/wp\/v2\/media?parent=9975"}],"wp:term":[{"taxonomy":"category","embeddable":true,"href":"https:\/\/www.elgrillitosuena.com\/inicio\/wp-json\/wp\/v2\/categories?post=9975"},{"taxonomy":"post_tag","embeddable":true,"href":"https:\/\/www.elgrillitosuena.com\/inicio\/wp-json\/wp\/v2\/tags?post=9975"}],"curies":[{"name":"wp","href":"https:\/\/api.w.org\/{rel}","templated":true}]}}