{"id":9804,"date":"2021-09-27T17:09:06","date_gmt":"2021-09-27T17:09:06","guid":{"rendered":"https:\/\/www.elgrillitosuena.com\/inicio\/?p=9804"},"modified":"2021-09-27T17:09:06","modified_gmt":"2021-09-27T17:09:06","slug":"lopez-obrador-entregara-aguila-azteca-en-festejos-del-bicentenario-de-la-consumacion-de-la-independencia","status":"publish","type":"post","link":"https:\/\/www.elgrillitosuena.com\/inicio\/noticias\/mexico\/lopez-obrador-entregara-aguila-azteca-en-festejos-del-bicentenario-de-la-consumacion-de-la-independencia\/","title":{"rendered":"L\u00f3pez Obrador entregar\u00e1 \u00c1guila Azteca en festejos del Bicentenario de la Consumaci\u00f3n de la Independencia"},"content":{"rendered":"<p><img decoding=\"async\" src=\"https:\/\/cdn2.excelsior.com.mx\/media\/styles\/image800x600\/public\/pictures\/2021\/09\/26\/2648218.jpg\" \/><\/p>\n<p>La Presidencia de la Rep\u00fablica dio a conocer este domingo el programa oficial de los festejos por el Bicentenario de la Independencia de M\u00e9xico.<\/p>\n<p>De acuerdo con el programa, en la conferencia matutina de Palacio Nacional de este lunes 27 de septiembre, el presidente de M\u00e9xico, Andr\u00e9s Manuel L\u00f3pez Obrador, llevar\u00e1 a cabo la presentaci\u00f3n de la exposici\u00f3n La Grandeza de M\u00e9xico, que se exhibir\u00e1 en el Museo Nacional de Antropolog\u00eda e Historia.<\/p>\n<p>Adem\u00e1s, el presidente entregar\u00e1 la condecoraci\u00f3n del \u00c1guila Azteca en grado de placa al general Roberto Riccardi, jefe del comando de carabineros italianos de Tutela del Patrimonio Cultural, en reconocimiento por la recuperaci\u00f3n de piezas arqueol\u00f3gicas sustra\u00eddas ilegalmente de nuestro pa\u00eds.<\/p>\n<p>A las 10 de la ma\u00f1ana, L\u00f3pez Obrador se trasladar\u00e1 al Museo Nacional de Antropolog\u00eda e Historia para recorrer en privado la exposici\u00f3n La Grandeza de M\u00e9xico y posteriormente a que la concluya y se retire del lugar, los medios de comunicaci\u00f3n podr\u00e1n acceder a las salas del recinto cultural\u00a0 para conocer su contenido.<\/p>\n<p>A las ocho de la noche, el presidente encabezar\u00e1 la ceremonia de conmemoraci\u00f3n por el Bicentenario de la Consumaci\u00f3n de la Independencia de M\u00e9xico, acto que se calcula termine a las 22 horas y que recordar\u00e1 la entrada del Ej\u00e9rcito Trigarante en la Ciudad de M\u00e9xico.<\/p>\n<p>Con informaci\u00f3n de Exc\u00e9lsior<\/p>\n","protected":false},"excerpt":{"rendered":"<p>La Presidencia de la Rep\u00fablica dio a conocer este domingo el programa oficial de los festejos por el Bicentenario de la Independencia de M\u00e9xico. De acuerdo con el programa, en la conferencia matutina de Palacio Nacional de este lunes 27 de septiembre, el presidente de M\u00e9xico, Andr\u00e9s Manuel L\u00f3pez Obrador, llevar\u00e1 a cabo la presentaci\u00f3n &hellip;<\/p>\n","protected":false},"author":6,"featured_media":9805,"comment_status":"open","ping_status":"closed","sticky":false,"template":"","format":"standard","meta":[],"categories":[39],"tags":[98,2725,2516],"_links":{"self":[{"href":"https:\/\/www.elgrillitosuena.com\/inicio\/wp-json\/wp\/v2\/posts\/9804"}],"collection":[{"href":"https:\/\/www.elgrillitosuena.com\/inicio\/wp-json\/wp\/v2\/posts"}],"about":[{"href":"https:\/\/www.elgrillitosuena.com\/inicio\/wp-json\/wp\/v2\/types\/post"}],"author":[{"embeddable":true,"href":"https:\/\/www.elgrillitosuena.com\/inicio\/wp-json\/wp\/v2\/users\/6"}],"replies":[{"embeddable":true,"href":"https:\/\/www.elgrillitosuena.com\/inicio\/wp-json\/wp\/v2\/comments?post=9804"}],"version-history":[{"count":1,"href":"https:\/\/www.elgrillitosuena.com\/inicio\/wp-json\/wp\/v2\/posts\/9804\/revisions"}],"predecessor-version":[{"id":9806,"href":"https:\/\/www.elgrillitosuena.com\/inicio\/wp-json\/wp\/v2\/posts\/9804\/revisions\/9806"}],"wp:featuredmedia":[{"embeddable":true,"href":"https:\/\/www.elgrillitosuena.com\/inicio\/wp-json\/wp\/v2\/media\/9805"}],"wp:attachment":[{"href":"https:\/\/www.elgrillitosuena.com\/inicio\/wp-json\/wp\/v2\/media?parent=9804"}],"wp:term":[{"taxonomy":"category","embeddable":true,"href":"https:\/\/www.elgrillitosuena.com\/inicio\/wp-json\/wp\/v2\/categories?post=9804"},{"taxonomy":"post_tag","embeddable":true,"href":"https:\/\/www.elgrillitosuena.com\/inicio\/wp-json\/wp\/v2\/tags?post=9804"}],"curies":[{"name":"wp","href":"https:\/\/api.w.org\/{rel}","templated":true}]}}