{"id":9747,"date":"2021-09-24T15:52:50","date_gmt":"2021-09-24T15:52:50","guid":{"rendered":"https:\/\/www.elgrillitosuena.com\/inicio\/?p=9747"},"modified":"2021-09-24T15:52:50","modified_gmt":"2021-09-24T15:52:50","slug":"no-queremos-que-mexico-se-convierta-en-un-campamento-de-migrantes-advierte-amlo","status":"publish","type":"post","link":"https:\/\/www.elgrillitosuena.com\/inicio\/noticias\/mexico\/no-queremos-que-mexico-se-convierta-en-un-campamento-de-migrantes-advierte-amlo\/","title":{"rendered":"\u201cNo queremos que M\u00e9xico se convierta en un campamento de migrantes\u201d, advierte AMLO"},"content":{"rendered":"<p><img decoding=\"async\" src=\"https:\/\/www.radioformula.com.mx\/wp-content\/uploads\/2021\/09\/autoridades-migratorias-eu-mexico-se-reunen-frontera-norte-780x470.jpg\" alt=\"AMLO asegura que M\u00e9xico no busca ser &quot;campamento de migrantes&quot;\" \/><\/p>\n<p>El presidente Andr\u00e9s Manuel L\u00f3pez Obrador (<strong>AMLO<\/strong>) reiter\u00f3 la importancia de atender \u201cde fondo\u201d las causas de la\u00a0<strong>migraci\u00f3n<\/strong>\u00a0en\u00a0<strong>centroam\u00e9rica<\/strong>\u00a0y asegur\u00f3 que no quiere que M\u00e9xico se convierta en un \u201c<strong>campamento de migrantes<\/strong>\u201d.<\/p>\n<p>Durante la conferencia de prensa ma\u00f1anera, emitida desde Palacio Nacional, el mandatario fue cuestionado sobre la posibilidad de que\u00a0<strong>Estados Unidos<\/strong>\u00a0otorgue recursos a M\u00e9xico para que atienda a los migrantes en la frontera.<\/p>\n<p>\u201cS\u00ed, pero hay que atender el fondo, primero, no queremos que M\u00e9xico sea un campamento de migrantes\u201d, afirm\u00f3 el mandatario tras la reciente\u00a0<strong>ola migratoria<\/strong>\u00a0que ha llevado a miles de personas a malvivir en varios puntos de la frontera norte y sur.<\/p>\n<p>Adem\u00e1s, resalt\u00f3 que quiere que se atienda el problema de fondo para que la gente no se vea obligada a\u00a0<strong>emigrar<\/strong>, \u201cporque si continuamos con lo mismo es retenerlos, ponerlos en albergues, y no enfrentamos el problema de fondo\u201d.<\/p>\n<p>Asimismo, el Titular del Ejecutivo lament\u00f3 que Estados Unidos lleva d\u00e9cadas sin invertir en\u00a0<strong>Am\u00e9rica Latina<\/strong>\u00a0y el Caribe para apoyar a los pueblos \u201cpobres\u201d, aunque descart\u00f3 que \u201chay muy buena relaci\u00f3n\u201d con el pa\u00eds vecino del norte.<\/p>\n<p>\u201cQueremos apoyo para el desarrollo (\u2026 )Y esto lo entienden en Estados Unidos, han sido sensibles a esta propuesta, pero tardan mucho porque deben presentar la propuesta al Senado, y se mezclan asuntos electorales\u201d, asegur\u00f3 el mandatario.<\/p>\n<p>En este sentido, tambi\u00e9n pidi\u00f3 apoyo para Hait\u00ed y que intervengan las Naciones Unidas.<\/p>\n<p>\u201cNo es solamente atender a los\u00a0<strong>migrantes haitianos<\/strong>\u00a0que por necesidad salen de su pa\u00eds, por necesidad y por la violencia, hay que hacer algo y aqu\u00ed la ONU se est\u00e1 tardando. Es lo mismo. \u00bfD\u00f3nde est\u00e1n los organismos de defensa de derechos humanos a nivel internacional?\u201d, subray\u00f3.<\/p>\n<p>La regi\u00f3n vive una ola migratoria sin precedentes desde comienzos de a\u00f1o con un flujo hist\u00f3rico, con 147 mil indocumentados detectados en M\u00e9xico de enero a agosto, el triple de 2020, y un r\u00e9cord de 212 mil indocumentados detenidos solo en julio por la Oficina de Aduanas y Protecci\u00f3n Fronteriza (<strong>CBP<\/strong>) de Estados Unidos.<\/p>\n<p>Con informaci\u00f3n de Radio F\u00f3rmula<\/p>\n","protected":false},"excerpt":{"rendered":"<p>El presidente Andr\u00e9s Manuel L\u00f3pez Obrador (AMLO) reiter\u00f3 la importancia de atender \u201cde fondo\u201d las causas de la\u00a0migraci\u00f3n\u00a0en\u00a0centroam\u00e9rica\u00a0y asegur\u00f3 que no quiere que M\u00e9xico se convierta en un \u201ccampamento de migrantes\u201d. Durante la conferencia de prensa ma\u00f1anera, emitida desde Palacio Nacional, el mandatario fue cuestionado sobre la posibilidad de que\u00a0Estados Unidos\u00a0otorgue recursos a M\u00e9xico para &hellip;<\/p>\n","protected":false},"author":6,"featured_media":9748,"comment_status":"open","ping_status":"closed","sticky":false,"template":"","format":"standard","meta":[],"categories":[39],"tags":[98,405,156,306],"_links":{"self":[{"href":"https:\/\/www.elgrillitosuena.com\/inicio\/wp-json\/wp\/v2\/posts\/9747"}],"collection":[{"href":"https:\/\/www.elgrillitosuena.com\/inicio\/wp-json\/wp\/v2\/posts"}],"about":[{"href":"https:\/\/www.elgrillitosuena.com\/inicio\/wp-json\/wp\/v2\/types\/post"}],"author":[{"embeddable":true,"href":"https:\/\/www.elgrillitosuena.com\/inicio\/wp-json\/wp\/v2\/users\/6"}],"replies":[{"embeddable":true,"href":"https:\/\/www.elgrillitosuena.com\/inicio\/wp-json\/wp\/v2\/comments?post=9747"}],"version-history":[{"count":1,"href":"https:\/\/www.elgrillitosuena.com\/inicio\/wp-json\/wp\/v2\/posts\/9747\/revisions"}],"predecessor-version":[{"id":9749,"href":"https:\/\/www.elgrillitosuena.com\/inicio\/wp-json\/wp\/v2\/posts\/9747\/revisions\/9749"}],"wp:featuredmedia":[{"embeddable":true,"href":"https:\/\/www.elgrillitosuena.com\/inicio\/wp-json\/wp\/v2\/media\/9748"}],"wp:attachment":[{"href":"https:\/\/www.elgrillitosuena.com\/inicio\/wp-json\/wp\/v2\/media?parent=9747"}],"wp:term":[{"taxonomy":"category","embeddable":true,"href":"https:\/\/www.elgrillitosuena.com\/inicio\/wp-json\/wp\/v2\/categories?post=9747"},{"taxonomy":"post_tag","embeddable":true,"href":"https:\/\/www.elgrillitosuena.com\/inicio\/wp-json\/wp\/v2\/tags?post=9747"}],"curies":[{"name":"wp","href":"https:\/\/api.w.org\/{rel}","templated":true}]}}