{"id":9744,"date":"2021-09-24T15:47:52","date_gmt":"2021-09-24T15:47:52","guid":{"rendered":"https:\/\/www.elgrillitosuena.com\/inicio\/?p=9744"},"modified":"2021-09-24T15:47:52","modified_gmt":"2021-09-24T15:47:52","slug":"vacuna-covid-19-para-ninos-como-registrar-a-los-adolescentes-de-12-a-17-anos","status":"publish","type":"post","link":"https:\/\/www.elgrillitosuena.com\/inicio\/noticias\/mexico\/vacuna-covid-19-para-ninos-como-registrar-a-los-adolescentes-de-12-a-17-anos\/","title":{"rendered":"Vacuna Covid-19 para ni\u00f1os: \u00bfC\u00f3mo registrar a los adolescentes de 12 a 17 a\u00f1os?"},"content":{"rendered":"<p><img decoding=\"async\" src=\"https:\/\/heraldodemexico.com.mx\/u\/fotografias\/m\/2021\/9\/24\/f960x540-423852_497927_0.jpg\" alt=\"El registro estar\u00e1  disponible para ni\u00f1os con enfermedades cr\u00f3nicas FOTO: Cuartoscuro\" \/><\/p>\n<p>El subsecretario de Prevenci\u00f3n y Promoci\u00f3n de la Salud<strong>,\u00a0Hugo L\u00f3pez-Gatell,<\/strong>\u00a0inform\u00f3 que el 1 de octubre iniciar\u00e1 el registro para ni\u00f1os, ni\u00f1as\u00a0y adolescentes\u00a0de entre 12 a 17 a\u00f1os con alguna enfermedad\u00a0cr\u00f3nica.<\/p>\n<p>Durante la conferencia matutina el funcionario federal, explic\u00f3 que se aplicar\u00e1 l<strong>a vacuna de Pfizer\u00a0<\/strong>debido a que es el \u00fanico\u00a0que ha demostrado ser segura y eficaz para los menores de edad. Sin embargo,\u00a0no descart\u00f3 que en un futuro otras\u00a0farmac\u00e9uticas\u00a0demuestren que sus biol\u00f3gicos tambi\u00e9n pueden ser usados en este sector de la poblaci\u00f3n.<\/p>\n<h2>\u00bfQu\u00e9 ni\u00f1os pueden ser vacunados?<\/h2>\n<p><strong>Los ni\u00f1os y adolescentes que pueden recibir la\u00a0vacuna en esta etapa deben padecer enfermedades<\/strong>\u00a0que deprimen su sistema inmune, ya sea por la propia enfermedad, o por el tratamiento que reciben, como en el caso del c\u00e1ncer.<\/p>\n<div class=\"&quot;GoogleActiveViewInnerContainer&quot;style=&quot;left:0px;top:0px;width:100%;height:100%;position:fixed;pointer-events:none;z-index:-9999;&quot;\">\n<h2>\u00bfC\u00f3mo registrar\u00a0a los ni\u00f1os para la vacuna?<\/h2>\n<p>A partir del 1 de octubre se abrir\u00e1 el registro de vacunaci\u00f3n para adolescentes de 12 a 17 a\u00f1os en la plataforma de\u00a0Mi Vacuna,\u00a0la cual es el mismo sitio que se utiliz\u00f3 para todos los bloques de la poblaci\u00f3n anteriores.<\/p>\n<p>De acuerdo a las experiencias anteriores,\u00a0el joven o el padre o tutor tendr\u00e1 que ingresar el CURP del menor.\u00a0Tras ese paso es necesario agregar datos\u00a0<strong>como la alcald\u00eda<\/strong>\u00a0a la que pertenece el interesado, sus datos de contacto y\u00a0<strong>si es parte de alguna poblaci\u00f3n de riesgo,\u00a0<\/strong>la cual se tendr\u00e1 que seleccionar para poder completar el registro.<\/p>\n<p>Posteriormente, se generar\u00e1\u00a0un\u00a0folio\u00a0y un\u00a0expediente de vacunaci\u00f3n, que servir\u00e1 para el d\u00eda de la aplicaci\u00f3n del medicamento. El interesado s\u00f3lo tendr\u00e1 que esperar la indicaci\u00f3n de cu\u00e1l ser\u00e1 la sede a la que tendr\u00e1 que acudir a recibir el biol\u00f3gico.<\/p>\n<p><img decoding=\"async\" src=\"https:\/\/heraldodemexico.com.mx\/u\/fotografias\/m\/2021\/9\/24\/f768x1-423858_423985_0.png\" \/><\/p>\n<p>Con informaci\u00f3n de Heraldo de M\u00e9xico<\/p>\n<\/div>\n","protected":false},"excerpt":{"rendered":"<p>El subsecretario de Prevenci\u00f3n y Promoci\u00f3n de la Salud,\u00a0Hugo L\u00f3pez-Gatell,\u00a0inform\u00f3 que el 1 de octubre iniciar\u00e1 el registro para ni\u00f1os, ni\u00f1as\u00a0y adolescentes\u00a0de entre 12 a 17 a\u00f1os con alguna enfermedad\u00a0cr\u00f3nica. Durante la conferencia matutina el funcionario federal, explic\u00f3 que se aplicar\u00e1 la vacuna de Pfizer\u00a0debido a que es el \u00fanico\u00a0que ha demostrado ser segura y &hellip;<\/p>\n","protected":false},"author":6,"featured_media":9745,"comment_status":"open","ping_status":"closed","sticky":false,"template":"","format":"standard","meta":[],"categories":[39],"tags":[2708,711,2707,1147],"_links":{"self":[{"href":"https:\/\/www.elgrillitosuena.com\/inicio\/wp-json\/wp\/v2\/posts\/9744"}],"collection":[{"href":"https:\/\/www.elgrillitosuena.com\/inicio\/wp-json\/wp\/v2\/posts"}],"about":[{"href":"https:\/\/www.elgrillitosuena.com\/inicio\/wp-json\/wp\/v2\/types\/post"}],"author":[{"embeddable":true,"href":"https:\/\/www.elgrillitosuena.com\/inicio\/wp-json\/wp\/v2\/users\/6"}],"replies":[{"embeddable":true,"href":"https:\/\/www.elgrillitosuena.com\/inicio\/wp-json\/wp\/v2\/comments?post=9744"}],"version-history":[{"count":1,"href":"https:\/\/www.elgrillitosuena.com\/inicio\/wp-json\/wp\/v2\/posts\/9744\/revisions"}],"predecessor-version":[{"id":9746,"href":"https:\/\/www.elgrillitosuena.com\/inicio\/wp-json\/wp\/v2\/posts\/9744\/revisions\/9746"}],"wp:featuredmedia":[{"embeddable":true,"href":"https:\/\/www.elgrillitosuena.com\/inicio\/wp-json\/wp\/v2\/media\/9745"}],"wp:attachment":[{"href":"https:\/\/www.elgrillitosuena.com\/inicio\/wp-json\/wp\/v2\/media?parent=9744"}],"wp:term":[{"taxonomy":"category","embeddable":true,"href":"https:\/\/www.elgrillitosuena.com\/inicio\/wp-json\/wp\/v2\/categories?post=9744"},{"taxonomy":"post_tag","embeddable":true,"href":"https:\/\/www.elgrillitosuena.com\/inicio\/wp-json\/wp\/v2\/tags?post=9744"}],"curies":[{"name":"wp","href":"https:\/\/api.w.org\/{rel}","templated":true}]}}