{"id":9621,"date":"2021-09-22T16:46:26","date_gmt":"2021-09-22T16:46:26","guid":{"rendered":"https:\/\/www.elgrillitosuena.com\/inicio\/?p=9621"},"modified":"2021-09-22T16:46:26","modified_gmt":"2021-09-22T16:46:26","slug":"rehabilitaran-bibliotecas-publicas-del-municipio","status":"publish","type":"post","link":"https:\/\/www.elgrillitosuena.com\/inicio\/noticias\/uruapan\/rehabilitaran-bibliotecas-publicas-del-municipio\/","title":{"rendered":"Rehabilitar\u00e1n bibliotecas p\u00fablicas del municipio"},"content":{"rendered":"<p><img decoding=\"async\" loading=\"lazy\" class=\"alignnone  wp-image-9622\" src=\"https:\/\/www.elgrillitosuena.com\/inicio\/wp-content\/uploads\/2021\/09\/WhatsApp-Image-2021-09-22-at-11.35.59-AM-300x187.jpeg\" alt=\"\" width=\"467\" height=\"291\" srcset=\"https:\/\/www.elgrillitosuena.com\/inicio\/wp-content\/uploads\/2021\/09\/WhatsApp-Image-2021-09-22-at-11.35.59-AM-300x187.jpeg 300w, https:\/\/www.elgrillitosuena.com\/inicio\/wp-content\/uploads\/2021\/09\/WhatsApp-Image-2021-09-22-at-11.35.59-AM-768x478.jpeg 768w, https:\/\/www.elgrillitosuena.com\/inicio\/wp-content\/uploads\/2021\/09\/WhatsApp-Image-2021-09-22-at-11.35.59-AM.jpeg 1024w\" sizes=\"(max-width: 467px) 100vw, 467px\" \/><\/p>\n<p>Con la finalidad de conocer las condiciones y deficiencias que presentan las diferentes bibliotecas p\u00fablicas del municipio, la secretaria de Cultura y Turismo, Mar\u00eda Concepci\u00f3n Ram\u00edrez S\u00e1mano, realiz\u00f3 un extenso recorrido por sus instalaciones.<br \/>\nAcompa\u00f1ada por Jaime Equihua Estrada, director de Cultura, conoci\u00f3 al personal que labora y supervis\u00f3 las instalaciones de las bibliotecas \u201cJusto Sierra\u201d, \u201c2 de Agosto\u201d, \u201cProfesora Lucina Ortega Romero\u201d, \u201cSor Juana In\u00e9s de la Cruz\u201d, \u201cAmado Nervo\u201d, \u201cOctavio Paz\u201d y la del \u201cPadre Isauro Pedraza\u201d, verificando las condiciones f\u00edsicas en las que se encuentran.<\/p>\n<p><img decoding=\"async\" loading=\"lazy\" class=\"alignnone  wp-image-9623\" src=\"https:\/\/www.elgrillitosuena.com\/inicio\/wp-content\/uploads\/2021\/09\/WhatsApp-Image-2021-09-22-at-11.35.59-AM-2-300x194.jpeg\" alt=\"\" width=\"334\" height=\"216\" srcset=\"https:\/\/www.elgrillitosuena.com\/inicio\/wp-content\/uploads\/2021\/09\/WhatsApp-Image-2021-09-22-at-11.35.59-AM-2-300x194.jpeg 300w, https:\/\/www.elgrillitosuena.com\/inicio\/wp-content\/uploads\/2021\/09\/WhatsApp-Image-2021-09-22-at-11.35.59-AM-2-768x497.jpeg 768w, https:\/\/www.elgrillitosuena.com\/inicio\/wp-content\/uploads\/2021\/09\/WhatsApp-Image-2021-09-22-at-11.35.59-AM-2.jpeg 1024w\" sizes=\"(max-width: 334px) 100vw, 334px\" \/><img decoding=\"async\" loading=\"lazy\" class=\"alignnone size-medium wp-image-9624\" src=\"https:\/\/www.elgrillitosuena.com\/inicio\/wp-content\/uploads\/2021\/09\/WhatsApp-Image-2021-09-22-at-11.35.59-AM-1-300x218.jpeg\" alt=\"\" width=\"300\" height=\"218\" srcset=\"https:\/\/www.elgrillitosuena.com\/inicio\/wp-content\/uploads\/2021\/09\/WhatsApp-Image-2021-09-22-at-11.35.59-AM-1-300x218.jpeg 300w, https:\/\/www.elgrillitosuena.com\/inicio\/wp-content\/uploads\/2021\/09\/WhatsApp-Image-2021-09-22-at-11.35.59-AM-1-768x558.jpeg 768w, https:\/\/www.elgrillitosuena.com\/inicio\/wp-content\/uploads\/2021\/09\/WhatsApp-Image-2021-09-22-at-11.35.59-AM-1.jpeg 1024w\" sizes=\"(max-width: 300px) 100vw, 300px\" \/><br \/>\nDurante el recorrido atestigu\u00f3 junto con las responsables de cada biblioteca, las carencias y deficiencias que presentan, como paredes con humedad, goteras, muebles da\u00f1ados, falta de agua, fallas el\u00e9ctricas, computadoras descompuestas y falta de internet en algunas bibliotecas.<\/p>\n<p><img decoding=\"async\" loading=\"lazy\" class=\"alignnone  wp-image-9625\" src=\"https:\/\/www.elgrillitosuena.com\/inicio\/wp-content\/uploads\/2021\/09\/WhatsApp-Image-2021-09-22-at-11.35.59-AM-3-300x232.jpeg\" alt=\"\" width=\"409\" height=\"316\" srcset=\"https:\/\/www.elgrillitosuena.com\/inicio\/wp-content\/uploads\/2021\/09\/WhatsApp-Image-2021-09-22-at-11.35.59-AM-3-300x232.jpeg 300w, https:\/\/www.elgrillitosuena.com\/inicio\/wp-content\/uploads\/2021\/09\/WhatsApp-Image-2021-09-22-at-11.35.59-AM-3-768x594.jpeg 768w, https:\/\/www.elgrillitosuena.com\/inicio\/wp-content\/uploads\/2021\/09\/WhatsApp-Image-2021-09-22-at-11.35.59-AM-3.jpeg 1024w\" sizes=\"(max-width: 409px) 100vw, 409px\" \/><br \/>\nMencion\u00f3 que para el gobierno del bien que encabeza el presidente municipal, Ignacio Campos Equihua, la educaci\u00f3n es una prioridad; por ello, se trabajar\u00e1 de inmediato para adecuar las instalaciones lo m\u00e1s pronto posible, y poder brindar a la ciudadan\u00eda unas bibliotecas dignas y de calidad, que satisfagan las necesidades de los uruapenses.<\/p>\n","protected":false},"excerpt":{"rendered":"<p>Con la finalidad de conocer las condiciones y deficiencias que presentan las diferentes bibliotecas p\u00fablicas del municipio, la secretaria de Cultura y Turismo, Mar\u00eda Concepci\u00f3n Ram\u00edrez S\u00e1mano, realiz\u00f3 un extenso recorrido por sus instalaciones. Acompa\u00f1ada por Jaime Equihua Estrada, director de Cultura, conoci\u00f3 al personal que labora y supervis\u00f3 las instalaciones de las bibliotecas \u201cJusto &hellip;<\/p>\n","protected":false},"author":6,"featured_media":9622,"comment_status":"open","ping_status":"closed","sticky":false,"template":"","format":"standard","meta":[],"categories":[37],"tags":[2658,2659,1588],"_links":{"self":[{"href":"https:\/\/www.elgrillitosuena.com\/inicio\/wp-json\/wp\/v2\/posts\/9621"}],"collection":[{"href":"https:\/\/www.elgrillitosuena.com\/inicio\/wp-json\/wp\/v2\/posts"}],"about":[{"href":"https:\/\/www.elgrillitosuena.com\/inicio\/wp-json\/wp\/v2\/types\/post"}],"author":[{"embeddable":true,"href":"https:\/\/www.elgrillitosuena.com\/inicio\/wp-json\/wp\/v2\/users\/6"}],"replies":[{"embeddable":true,"href":"https:\/\/www.elgrillitosuena.com\/inicio\/wp-json\/wp\/v2\/comments?post=9621"}],"version-history":[{"count":1,"href":"https:\/\/www.elgrillitosuena.com\/inicio\/wp-json\/wp\/v2\/posts\/9621\/revisions"}],"predecessor-version":[{"id":9626,"href":"https:\/\/www.elgrillitosuena.com\/inicio\/wp-json\/wp\/v2\/posts\/9621\/revisions\/9626"}],"wp:featuredmedia":[{"embeddable":true,"href":"https:\/\/www.elgrillitosuena.com\/inicio\/wp-json\/wp\/v2\/media\/9622"}],"wp:attachment":[{"href":"https:\/\/www.elgrillitosuena.com\/inicio\/wp-json\/wp\/v2\/media?parent=9621"}],"wp:term":[{"taxonomy":"category","embeddable":true,"href":"https:\/\/www.elgrillitosuena.com\/inicio\/wp-json\/wp\/v2\/categories?post=9621"},{"taxonomy":"post_tag","embeddable":true,"href":"https:\/\/www.elgrillitosuena.com\/inicio\/wp-json\/wp\/v2\/tags?post=9621"}],"curies":[{"name":"wp","href":"https:\/\/api.w.org\/{rel}","templated":true}]}}