{"id":9615,"date":"2021-09-22T16:41:51","date_gmt":"2021-09-22T16:41:51","guid":{"rendered":"https:\/\/www.elgrillitosuena.com\/inicio\/?p=9615"},"modified":"2021-09-22T16:41:51","modified_gmt":"2021-09-22T16:41:51","slug":"propuestas-ciudadanas-en-elaboracion-del-plan-municipal-de-desarrollo-2021-2024","status":"publish","type":"post","link":"https:\/\/www.elgrillitosuena.com\/inicio\/noticias\/uruapan\/propuestas-ciudadanas-en-elaboracion-del-plan-municipal-de-desarrollo-2021-2024\/","title":{"rendered":"Propuestas ciudadanas en elaboraci\u00f3n del Plan Municipal de Desarrollo 2021- 2024"},"content":{"rendered":"<p><img decoding=\"async\" loading=\"lazy\" class=\"alignnone  wp-image-9616\" src=\"https:\/\/www.elgrillitosuena.com\/inicio\/wp-content\/uploads\/2021\/09\/WhatsApp-Image-2021-09-22-at-11.35.58-AM-1-300x195.jpeg\" alt=\"\" width=\"518\" height=\"337\" srcset=\"https:\/\/www.elgrillitosuena.com\/inicio\/wp-content\/uploads\/2021\/09\/WhatsApp-Image-2021-09-22-at-11.35.58-AM-1-300x195.jpeg 300w, https:\/\/www.elgrillitosuena.com\/inicio\/wp-content\/uploads\/2021\/09\/WhatsApp-Image-2021-09-22-at-11.35.58-AM-1-1024x666.jpeg 1024w, https:\/\/www.elgrillitosuena.com\/inicio\/wp-content\/uploads\/2021\/09\/WhatsApp-Image-2021-09-22-at-11.35.58-AM-1-768x499.jpeg 768w, https:\/\/www.elgrillitosuena.com\/inicio\/wp-content\/uploads\/2021\/09\/WhatsApp-Image-2021-09-22-at-11.35.58-AM-1-1536x998.jpeg 1536w, https:\/\/www.elgrillitosuena.com\/inicio\/wp-content\/uploads\/2021\/09\/WhatsApp-Image-2021-09-22-at-11.35.58-AM-1.jpeg 1600w\" sizes=\"(max-width: 518px) 100vw, 518px\" \/><\/p>\n<p>Mediante la instalaci\u00f3n de mesas de trabajo, la administraci\u00f3n municipal en coordinaci\u00f3n con el Instituto Municipal de Planeaci\u00f3n (Implan), avanzan en la elaboraci\u00f3n del Plan Municipal de Desarrollo, plasmando en el mismo, la visi\u00f3n y objetivos del gobierno de la transformaci\u00f3n.<\/p>\n<p><img decoding=\"async\" loading=\"lazy\" class=\"alignnone  wp-image-9617\" src=\"https:\/\/www.elgrillitosuena.com\/inicio\/wp-content\/uploads\/2021\/09\/WhatsApp-Image-2021-09-22-at-11.35.58-AM-2-300x178.jpeg\" alt=\"\" width=\"447\" height=\"265\" srcset=\"https:\/\/www.elgrillitosuena.com\/inicio\/wp-content\/uploads\/2021\/09\/WhatsApp-Image-2021-09-22-at-11.35.58-AM-2-300x178.jpeg 300w, https:\/\/www.elgrillitosuena.com\/inicio\/wp-content\/uploads\/2021\/09\/WhatsApp-Image-2021-09-22-at-11.35.58-AM-2-1024x607.jpeg 1024w, https:\/\/www.elgrillitosuena.com\/inicio\/wp-content\/uploads\/2021\/09\/WhatsApp-Image-2021-09-22-at-11.35.58-AM-2-768x455.jpeg 768w, https:\/\/www.elgrillitosuena.com\/inicio\/wp-content\/uploads\/2021\/09\/WhatsApp-Image-2021-09-22-at-11.35.58-AM-2-1536x910.jpeg 1536w, https:\/\/www.elgrillitosuena.com\/inicio\/wp-content\/uploads\/2021\/09\/WhatsApp-Image-2021-09-22-at-11.35.58-AM-2.jpeg 1600w\" sizes=\"(max-width: 447px) 100vw, 447px\" \/><br \/>\nGobierno que tiene como finalidad programar actividades de manera ordenada y trasparente, que puedan ser evaluadas y realmente resuelva los problemas que se presentan en el municipio; buscando estrategias y acciones construidas entre ciudadan\u00eda y gobierno que impulsen el desarrollo, cuiden el medio ambiente y brinden seguridad al municipio.<\/p>\n<p>De lo anterior dio cuenta Roberto Flores Ch\u00e1vez, asesor de Evaluaci\u00f3n y Seguimiento del Gobierno Municipal, quien indic\u00f3 que desde que el alcalde Ignacio Campos Equihua asumi\u00f3 la presidencia del Consejo Directivo del Implan, la instrucci\u00f3n es trabajar coordinadamente en los avances ya establecidos e incorporar proyectos y programas que sean viables para el desarrollo del municipio.<\/p>\n<p><img decoding=\"async\" loading=\"lazy\" class=\"alignnone  wp-image-9618\" src=\"https:\/\/www.elgrillitosuena.com\/inicio\/wp-content\/uploads\/2021\/09\/WhatsApp-Image-2021-09-22-at-11.35.58-AM-300x259.jpeg\" alt=\"\" width=\"433\" height=\"374\" srcset=\"https:\/\/www.elgrillitosuena.com\/inicio\/wp-content\/uploads\/2021\/09\/WhatsApp-Image-2021-09-22-at-11.35.58-AM-300x259.jpeg 300w, https:\/\/www.elgrillitosuena.com\/inicio\/wp-content\/uploads\/2021\/09\/WhatsApp-Image-2021-09-22-at-11.35.58-AM-1024x884.jpeg 1024w, https:\/\/www.elgrillitosuena.com\/inicio\/wp-content\/uploads\/2021\/09\/WhatsApp-Image-2021-09-22-at-11.35.58-AM-768x663.jpeg 768w, https:\/\/www.elgrillitosuena.com\/inicio\/wp-content\/uploads\/2021\/09\/WhatsApp-Image-2021-09-22-at-11.35.58-AM-1536x1326.jpeg 1536w, https:\/\/www.elgrillitosuena.com\/inicio\/wp-content\/uploads\/2021\/09\/WhatsApp-Image-2021-09-22-at-11.35.58-AM.jpeg 1600w\" sizes=\"(max-width: 433px) 100vw, 433px\" \/><br \/>\nExplic\u00f3 que durante la reuni\u00f3n que sostuvo el d\u00eda de hoy con Arturo \u00c1vila Val, coordinador de Asesores del Gobierno Municipal; Joanna Margarita Moreno Manzo, directora del Instituto Municipal de Planeaci\u00f3n; coordinadores y asesores del proyecto, se trabaj\u00f3 detalladamente en la etapa del diagn\u00f3stico, donde se revisan datos estad\u00edsticos y percepciones ciudadanas.<\/p>\n<p>&nbsp;<\/p>\n","protected":false},"excerpt":{"rendered":"<p>Mediante la instalaci\u00f3n de mesas de trabajo, la administraci\u00f3n municipal en coordinaci\u00f3n con el Instituto Municipal de Planeaci\u00f3n (Implan), avanzan en la elaboraci\u00f3n del Plan Municipal de Desarrollo, plasmando en el mismo, la visi\u00f3n y objetivos del gobierno de la transformaci\u00f3n. Gobierno que tiene como finalidad programar actividades de manera ordenada y trasparente, que puedan &hellip;<\/p>\n","protected":false},"author":6,"featured_media":9619,"comment_status":"open","ping_status":"closed","sticky":false,"template":"","format":"standard","meta":[],"categories":[37],"tags":[1707,1588,2657],"_links":{"self":[{"href":"https:\/\/www.elgrillitosuena.com\/inicio\/wp-json\/wp\/v2\/posts\/9615"}],"collection":[{"href":"https:\/\/www.elgrillitosuena.com\/inicio\/wp-json\/wp\/v2\/posts"}],"about":[{"href":"https:\/\/www.elgrillitosuena.com\/inicio\/wp-json\/wp\/v2\/types\/post"}],"author":[{"embeddable":true,"href":"https:\/\/www.elgrillitosuena.com\/inicio\/wp-json\/wp\/v2\/users\/6"}],"replies":[{"embeddable":true,"href":"https:\/\/www.elgrillitosuena.com\/inicio\/wp-json\/wp\/v2\/comments?post=9615"}],"version-history":[{"count":1,"href":"https:\/\/www.elgrillitosuena.com\/inicio\/wp-json\/wp\/v2\/posts\/9615\/revisions"}],"predecessor-version":[{"id":9620,"href":"https:\/\/www.elgrillitosuena.com\/inicio\/wp-json\/wp\/v2\/posts\/9615\/revisions\/9620"}],"wp:featuredmedia":[{"embeddable":true,"href":"https:\/\/www.elgrillitosuena.com\/inicio\/wp-json\/wp\/v2\/media\/9619"}],"wp:attachment":[{"href":"https:\/\/www.elgrillitosuena.com\/inicio\/wp-json\/wp\/v2\/media?parent=9615"}],"wp:term":[{"taxonomy":"category","embeddable":true,"href":"https:\/\/www.elgrillitosuena.com\/inicio\/wp-json\/wp\/v2\/categories?post=9615"},{"taxonomy":"post_tag","embeddable":true,"href":"https:\/\/www.elgrillitosuena.com\/inicio\/wp-json\/wp\/v2\/tags?post=9615"}],"curies":[{"name":"wp","href":"https:\/\/api.w.org\/{rel}","templated":true}]}}