{"id":9586,"date":"2021-09-22T15:20:37","date_gmt":"2021-09-22T15:20:37","guid":{"rendered":"https:\/\/www.elgrillitosuena.com\/inicio\/?p=9586"},"modified":"2021-09-22T15:20:37","modified_gmt":"2021-09-22T15:20:37","slug":"amlo-promete-aplicar-vacunas-contra-covid-a-un-millon-de-menores-mexicanos-con-padecimientos","status":"publish","type":"post","link":"https:\/\/www.elgrillitosuena.com\/inicio\/noticias\/mexico\/amlo-promete-aplicar-vacunas-contra-covid-a-un-millon-de-menores-mexicanos-con-padecimientos\/","title":{"rendered":"AMLO promete aplicar vacunas contra COVID a un mill\u00f3n de menores mexicanos con padecimientos"},"content":{"rendered":"<p><img decoding=\"async\" src=\"https:\/\/www.radioformula.com.mx\/wp-content\/uploads\/2021\/09\/amlo-vacunas-covid-19-ninos-780x470.jpg\" alt=\"AMLO anuncia que ni\u00f1os recibir\u00e1n vacuna anticovid\" \/><\/p>\n<p>El presidente Andr\u00e9s Manuel L\u00f3pez Obrador (<strong>AMLO<\/strong>) inform\u00f3 este mi\u00e9rcoles que\u00a0<strong>menores de edad<\/strong>\u00a0con padecimientos se integrar\u00e1n al Plan Nacional de Vacunaci\u00f3n contra la\u00a0<strong>COVID-19<\/strong>.<\/p>\n<p>Durante su conferencia matutina en Palacio Nacional, el jefe del Ejecutivo anunci\u00f3 que al menos un mill\u00f3n de\u00a0<strong>ni\u00f1as y ni\u00f1os<\/strong>\u00a0con alg\u00fan tipo de padecimiento recibir\u00e1 la<strong>\u00a0vacuna<\/strong>\u00a0contra la\u00a0<strong>COVID-19<\/strong>.<\/p>\n<p><em>\u201cYa se tom\u00f3 la decisi\u00f3n de vacunar a ni\u00f1os con algunas enfermedades, que requieren un tratamiento especial, se van a vacunar a m\u00e1s de un mill\u00f3n de ni\u00f1os en el pa\u00eds, ni\u00f1os con discapacidad que requieran la vacuna\u201d<\/em>, afirm\u00f3.<\/p>\n<p><strong>L\u00f3pez Obrador<\/strong>\u00a0afirm\u00f3 que habr\u00e1\u00a0<strong>vacunas<\/strong>\u00a0suficientes para toda la poblaci\u00f3n del pa\u00eds, pues as\u00ed lo acordaron en la cumbre de la Comunidad de Estados Latinoamericanos y Caribe\u00f1os (Celac), en la que tambi\u00e9n decidieron apoyar al desarrollo de vacunas.<\/p>\n<p>Reiter\u00f3 que a finales de octubre estiman terminar de\u00a0<strong>vacunar<\/strong>\u00a0a todas las personas mayores de 18 a\u00f1os, con al menos la primera dosis y anunci\u00f3 que despu\u00e9s analizar\u00e1n el reinicio de la<strong>\u00a0vacunaci\u00f3n<\/strong>.<\/p>\n<p><em>\u201cUna vez que terminemos de vacunar a mayores de 18 y ni\u00f1os, vamos viendo si se reinicia la vacunaci\u00f3n, pero lo tenemos que hacer de acuerdo al Plan Nacional de Vacunaci\u00f3n, a las recomendaciones de los m\u00e9dicos especialistas, sin dejarnos llevar por el mercantilismo de las empresas farmac\u00e9uticas\u201d<\/em>, agreg\u00f3 el presidente de M\u00e9xico.<\/p>\n<p>Con informaci\u00f3n de Radio Formula<\/p>\n","protected":false},"excerpt":{"rendered":"<p>El presidente Andr\u00e9s Manuel L\u00f3pez Obrador (AMLO) inform\u00f3 este mi\u00e9rcoles que\u00a0menores de edad\u00a0con padecimientos se integrar\u00e1n al Plan Nacional de Vacunaci\u00f3n contra la\u00a0COVID-19. Durante su conferencia matutina en Palacio Nacional, el jefe del Ejecutivo anunci\u00f3 que al menos un mill\u00f3n de\u00a0ni\u00f1as y ni\u00f1os\u00a0con alg\u00fan tipo de padecimiento recibir\u00e1 la\u00a0vacuna\u00a0contra la\u00a0COVID-19. \u201cYa se tom\u00f3 la decisi\u00f3n &hellip;<\/p>\n","protected":false},"author":6,"featured_media":9587,"comment_status":"open","ping_status":"closed","sticky":false,"template":"","format":"standard","meta":[],"categories":[39],"tags":[98,165,831,126],"_links":{"self":[{"href":"https:\/\/www.elgrillitosuena.com\/inicio\/wp-json\/wp\/v2\/posts\/9586"}],"collection":[{"href":"https:\/\/www.elgrillitosuena.com\/inicio\/wp-json\/wp\/v2\/posts"}],"about":[{"href":"https:\/\/www.elgrillitosuena.com\/inicio\/wp-json\/wp\/v2\/types\/post"}],"author":[{"embeddable":true,"href":"https:\/\/www.elgrillitosuena.com\/inicio\/wp-json\/wp\/v2\/users\/6"}],"replies":[{"embeddable":true,"href":"https:\/\/www.elgrillitosuena.com\/inicio\/wp-json\/wp\/v2\/comments?post=9586"}],"version-history":[{"count":1,"href":"https:\/\/www.elgrillitosuena.com\/inicio\/wp-json\/wp\/v2\/posts\/9586\/revisions"}],"predecessor-version":[{"id":9588,"href":"https:\/\/www.elgrillitosuena.com\/inicio\/wp-json\/wp\/v2\/posts\/9586\/revisions\/9588"}],"wp:featuredmedia":[{"embeddable":true,"href":"https:\/\/www.elgrillitosuena.com\/inicio\/wp-json\/wp\/v2\/media\/9587"}],"wp:attachment":[{"href":"https:\/\/www.elgrillitosuena.com\/inicio\/wp-json\/wp\/v2\/media?parent=9586"}],"wp:term":[{"taxonomy":"category","embeddable":true,"href":"https:\/\/www.elgrillitosuena.com\/inicio\/wp-json\/wp\/v2\/categories?post=9586"},{"taxonomy":"post_tag","embeddable":true,"href":"https:\/\/www.elgrillitosuena.com\/inicio\/wp-json\/wp\/v2\/tags?post=9586"}],"curies":[{"name":"wp","href":"https:\/\/api.w.org\/{rel}","templated":true}]}}