{"id":9465,"date":"2021-09-20T15:49:59","date_gmt":"2021-09-20T15:49:59","guid":{"rendered":"https:\/\/www.elgrillitosuena.com\/inicio\/?p=9465"},"modified":"2021-09-20T15:49:59","modified_gmt":"2021-09-20T15:49:59","slug":"estados-unidos-continua-con-deportacion-de-migrantes-haitianos-desde-texas","status":"publish","type":"post","link":"https:\/\/www.elgrillitosuena.com\/inicio\/noticias\/mundo\/estados-unidos-continua-con-deportacion-de-migrantes-haitianos-desde-texas\/","title":{"rendered":"Estados Unidos contin\u00faa con deportaci\u00f3n de migrantes haitianos desde Texas"},"content":{"rendered":"<p><img decoding=\"async\" src=\"https:\/\/heraldodemexico.com.mx\/u\/fotografias\/m\/2021\/9\/20\/f960x540-422048_496123_0.jpg\" alt=\"Estados Unidos cerr\u00f3 su frontera con M\u00e9xico a la altura de Del R\u00edo en Texas. Foto: Twitter @MundoEConflicto\" \/><\/p>\n<p>Despu\u00e9s de que miles de\u00a0personas originarias de Hait\u00ed, el pasado viernes 17 de septiembre, el Gobierno de\u00a0<strong>Estados Unidos<\/strong>\u00a0comenz\u00f3 la preparaci\u00f3n de los m\u00faltiples\u00a0<strong>vuelos de deportaci\u00f3n\u00a0<\/strong>a la isla. De acuerdo con EFE, el objetivo principal de esta estrategia es desalentar la\u00a0llegada masiva de haitianos\u00a0que acampan en el sur de\u00a0<strong>Texas<\/strong>. Al respecto,\u00a0The Washington Post inform\u00f3 que las autoridades en cuesti\u00f3n preparan hasta<strong>\u00a08 vuelos diarios<\/strong>\u00a0para trasladar a los\u00a0<strong>13 mil migrantes\u00a0<\/strong>que ya lograron cruzar la frontera de USA con M\u00e9xico.<\/p>\n<p>Los migrantes contin\u00faan arribando al territorio\u00a0<strong>estadounidense\u00a0<\/strong>desde el pasado martes, por lo que\u00a0las autoridades responsables\u00a0se han visto desbordadas. Ante la situaci\u00f3n, las personas originarias de Hait\u00ed han improvisado un\u00a0<strong>campamento<\/strong>\u00a0mientras esperan que sus solicitudes de asilo sean procesadas. Sin embargo, la cantidad de migrantes ha ido\u00a0<strong>aumentando<\/strong>\u00a0considerablemente durante los \u00faltimos d\u00edas.<\/p>\n<p><img decoding=\"async\" src=\"https:\/\/heraldodemexico.com.mx\/u\/fotografias\/m\/2021\/9\/20\/f768x1-422055_422182_15.jpg\" \/><\/p>\n<h2>\u00bfNueva emergencia?<\/h2>\n<p>La\u00a0<strong>lentitud<\/strong>\u00a0en el proceso de las\u00a0<strong>solicitudes<\/strong>\u00a0<strong>de asilo<\/strong>\u00a0ha ocasionado que la situaci\u00f3n se vuelva cada vez m\u00e1s preocupante, pues los\u00a0<strong>indocumentados<\/strong>\u00a0carecen de servicios b\u00e1sicos y se enfrentan a condiciones que se consideran como un factor amenazante en lo que respecta a una nueva\u00a0<strong>emergencia<\/strong>\u00a0<strong>humanitaria<\/strong>\u00a0en la frontera sur. Ante las constantes cr\u00edticas de la oposici\u00f3n, Joe Biden decidi\u00f3 ordenar\u00a0el<strong>\u00a0cierre temporal\u00a0<\/strong>de los puentes fronterizos en Del R\u00edo, Texas.<\/p>\n<p>Respecto a los vuelos de deportaci\u00f3n, un agente de la\u00a0Oficina de Aduanas y Protecci\u00f3n Fronteriza\u00a0(CBP, por sus siglas en ingl\u00e9s) de<strong>\u00a0Estados Unidos<\/strong>\u00a0comunic\u00f3, en entrevista con EFE, que los vuelos con direcci\u00f3n a Hait\u00ed partieron desde San Antonio y Laredo, por lo que se espera que la\u00a0<strong>poblaci\u00f3n haitiana<\/strong>\u00a0reciba el mensaje de manera clara. Bajo esta misma l\u00ednea, las\u00a0<strong>autoridades estadounidenses<\/strong>\u00a0aseguraron que deportar\u00e1n a todas aquellas personas que lleguen a Estados Unidos sin justificaci\u00f3n.<\/p>\n<h2>No tienen intenciones de regresar a su pa\u00eds<\/h2>\n<p>Por su parte, los migrantes haitianos afirman que no est\u00e1n en\u00a0<strong>condiciones<\/strong>\u00a0de regresar a su pa\u00eds, pues se encuentra ante una\u00a0<strong>inestabilidad<\/strong>\u00a0derivada del terremoto ocurrido el 14 de agosto y el\u00a0asesinato del presidente Jovenel Mo\u00efse. Por otra parte, en\u00a0<strong>M\u00e9xico<\/strong>, se han implementado una serie de\u00a0<strong>filtros sanitarios y de seguridad\u00a0<\/strong>con el objetivo de verificar la situaci\u00f3n de los migrantes. Sin embargo, hasta la ma\u00f1ana del domingo pasado, 33 camiones con 491 personas migrantes han regresado por no poder demostrar\u00a0su<strong>\u00a0estancia legal\u00a0<\/strong>en el pa\u00eds.<\/p>\n<p>Con informaci\u00f3n de Heraldo de M\u00e9xico<\/p>\n","protected":false},"excerpt":{"rendered":"<p>Despu\u00e9s de que miles de\u00a0personas originarias de Hait\u00ed, el pasado viernes 17 de septiembre, el Gobierno de\u00a0Estados Unidos\u00a0comenz\u00f3 la preparaci\u00f3n de los m\u00faltiples\u00a0vuelos de deportaci\u00f3n\u00a0a la isla. De acuerdo con EFE, el objetivo principal de esta estrategia es desalentar la\u00a0llegada masiva de haitianos\u00a0que acampan en el sur de\u00a0Texas. Al respecto,\u00a0The Washington Post inform\u00f3 que las &hellip;<\/p>\n","protected":false},"author":6,"featured_media":9466,"comment_status":"open","ping_status":"closed","sticky":false,"template":"","format":"standard","meta":[],"categories":[40],"tags":[2608,2073,249],"_links":{"self":[{"href":"https:\/\/www.elgrillitosuena.com\/inicio\/wp-json\/wp\/v2\/posts\/9465"}],"collection":[{"href":"https:\/\/www.elgrillitosuena.com\/inicio\/wp-json\/wp\/v2\/posts"}],"about":[{"href":"https:\/\/www.elgrillitosuena.com\/inicio\/wp-json\/wp\/v2\/types\/post"}],"author":[{"embeddable":true,"href":"https:\/\/www.elgrillitosuena.com\/inicio\/wp-json\/wp\/v2\/users\/6"}],"replies":[{"embeddable":true,"href":"https:\/\/www.elgrillitosuena.com\/inicio\/wp-json\/wp\/v2\/comments?post=9465"}],"version-history":[{"count":1,"href":"https:\/\/www.elgrillitosuena.com\/inicio\/wp-json\/wp\/v2\/posts\/9465\/revisions"}],"predecessor-version":[{"id":9467,"href":"https:\/\/www.elgrillitosuena.com\/inicio\/wp-json\/wp\/v2\/posts\/9465\/revisions\/9467"}],"wp:featuredmedia":[{"embeddable":true,"href":"https:\/\/www.elgrillitosuena.com\/inicio\/wp-json\/wp\/v2\/media\/9466"}],"wp:attachment":[{"href":"https:\/\/www.elgrillitosuena.com\/inicio\/wp-json\/wp\/v2\/media?parent=9465"}],"wp:term":[{"taxonomy":"category","embeddable":true,"href":"https:\/\/www.elgrillitosuena.com\/inicio\/wp-json\/wp\/v2\/categories?post=9465"},{"taxonomy":"post_tag","embeddable":true,"href":"https:\/\/www.elgrillitosuena.com\/inicio\/wp-json\/wp\/v2\/tags?post=9465"}],"curies":[{"name":"wp","href":"https:\/\/api.w.org\/{rel}","templated":true}]}}