{"id":9408,"date":"2021-09-17T16:42:16","date_gmt":"2021-09-17T16:42:16","guid":{"rendered":"https:\/\/www.elgrillitosuena.com\/inicio\/?p=9408"},"modified":"2021-09-17T16:42:16","modified_gmt":"2021-09-17T16:42:16","slug":"popocatepetl-registra-explosion-lanza-fragmentos-incandescentes","status":"publish","type":"post","link":"https:\/\/www.elgrillitosuena.com\/inicio\/noticias\/mexico\/popocatepetl-registra-explosion-lanza-fragmentos-incandescentes\/","title":{"rendered":"Popocat\u00e9petl registra explosi\u00f3n; lanza fragmentos incandescentes"},"content":{"rendered":"<p><img decoding=\"async\" src=\"https:\/\/cdn2.excelsior.com.mx\/media\/styles\/image800x600\/public\/pictures\/2021\/09\/17\/2643704.jpg\" \/><\/p>\n<p class=\"letter-capitular\"><strong>E<\/strong>l volc\u00e1n Popocat\u00e9petl registr\u00f3 una explosi\u00f3n a las 03:33 horas,\u00a0lanz\u00f3 fragmentos incandescentes sobre las laderas y gener\u00f3 una columna de vapor, gases y bajo contenido de ceniza con 3,000 metros de altura.<\/p>\n<p>La emisi\u00f3n se dispers\u00f3 hacia el oeste.<\/p>\n<p>La Coordinaci\u00f3n Nacional de Protecci\u00f3n Civil, indic\u00f3 en su cuenta de Twitter que el sem\u00e1foro de alerta se encuentra en Amarillo Fase 2.<\/p>\n<p>Exhort\u00f3 a la poblaci\u00f3n a NO acercarse al volc\u00e1n.<\/p>\n<p>Tras la actividad del volc\u00e1n, la Secretar\u00eda de Gesti\u00f3n Integral de Riesgos y Protecci\u00f3n Civil, alert\u00f3 sobre la posible ca\u00edda de ceniza en cinco alcald\u00edas de la Ciudad de M\u00e9xico, por lo que llam\u00f3 a la ciudadan\u00eda a seguir las siguientes recomendaciones:<\/p>\n<ul>\n<li>Cubrir\u00a0boca y nariz con pa\u00f1uelo o cubrebocas<\/li>\n<li>Limpia tus ojos y\/o garganta con agua pura<\/li>\n<li>Usa lentes de armaz\u00f3n, evita los lentes de contacto para reducir irritaciones oculares<\/li>\n<li>Permanece atento a la informaci\u00f3n de la SGIRPC sobre el sistema de alerta temprana multi riesgos.<\/li>\n<\/ul>\n<p>Con informaci\u00f3n de Exc\u00e9lsior<\/p>\n","protected":false},"excerpt":{"rendered":"<p>El volc\u00e1n Popocat\u00e9petl registr\u00f3 una explosi\u00f3n a las 03:33 horas,\u00a0lanz\u00f3 fragmentos incandescentes sobre las laderas y gener\u00f3 una columna de vapor, gases y bajo contenido de ceniza con 3,000 metros de altura. La emisi\u00f3n se dispers\u00f3 hacia el oeste. La Coordinaci\u00f3n Nacional de Protecci\u00f3n Civil, indic\u00f3 en su cuenta de Twitter que el sem\u00e1foro de &hellip;<\/p>\n","protected":false},"author":6,"featured_media":9409,"comment_status":"open","ping_status":"closed","sticky":false,"template":"","format":"standard","meta":[],"categories":[39],"tags":[2587,361,2586],"_links":{"self":[{"href":"https:\/\/www.elgrillitosuena.com\/inicio\/wp-json\/wp\/v2\/posts\/9408"}],"collection":[{"href":"https:\/\/www.elgrillitosuena.com\/inicio\/wp-json\/wp\/v2\/posts"}],"about":[{"href":"https:\/\/www.elgrillitosuena.com\/inicio\/wp-json\/wp\/v2\/types\/post"}],"author":[{"embeddable":true,"href":"https:\/\/www.elgrillitosuena.com\/inicio\/wp-json\/wp\/v2\/users\/6"}],"replies":[{"embeddable":true,"href":"https:\/\/www.elgrillitosuena.com\/inicio\/wp-json\/wp\/v2\/comments?post=9408"}],"version-history":[{"count":1,"href":"https:\/\/www.elgrillitosuena.com\/inicio\/wp-json\/wp\/v2\/posts\/9408\/revisions"}],"predecessor-version":[{"id":9410,"href":"https:\/\/www.elgrillitosuena.com\/inicio\/wp-json\/wp\/v2\/posts\/9408\/revisions\/9410"}],"wp:featuredmedia":[{"embeddable":true,"href":"https:\/\/www.elgrillitosuena.com\/inicio\/wp-json\/wp\/v2\/media\/9409"}],"wp:attachment":[{"href":"https:\/\/www.elgrillitosuena.com\/inicio\/wp-json\/wp\/v2\/media?parent=9408"}],"wp:term":[{"taxonomy":"category","embeddable":true,"href":"https:\/\/www.elgrillitosuena.com\/inicio\/wp-json\/wp\/v2\/categories?post=9408"},{"taxonomy":"post_tag","embeddable":true,"href":"https:\/\/www.elgrillitosuena.com\/inicio\/wp-json\/wp\/v2\/tags?post=9408"}],"curies":[{"name":"wp","href":"https:\/\/api.w.org\/{rel}","templated":true}]}}