{"id":9405,"date":"2021-09-17T16:36:40","date_gmt":"2021-09-17T16:36:40","guid":{"rendered":"https:\/\/www.elgrillitosuena.com\/inicio\/?p=9405"},"modified":"2021-09-17T16:36:40","modified_gmt":"2021-09-17T16:36:40","slug":"joe-biden-pide-a-lideres-maxima-ambicion-para-la-cumbre-del-clima-se-les-acaba-el-tiempo","status":"publish","type":"post","link":"https:\/\/www.elgrillitosuena.com\/inicio\/noticias\/mundo\/joe-biden-pide-a-lideres-maxima-ambicion-para-la-cumbre-del-clima-se-les-acaba-el-tiempo\/","title":{"rendered":"Joe Biden pide a l\u00edderes m\u00e1xima ambici\u00f3n para la cumbre del clima: &#8220;Se les acaba el tiempo&#8221;"},"content":{"rendered":"<p><img decoding=\"async\" src=\"https:\/\/heraldodemexico.com.mx\/u\/fotografias\/m\/2021\/9\/17\/f960x540-421375_495450_15.jpg\" alt=\"El presidente de Estados Unidos, Joe Biden, en la Cumbre de la ONU sobre el cambio clim\u00e1tico (Foto: AFP)\" \/><\/p>\n<p><strong>El presidente de Estados Unidos, Joe Biden, inst\u00f3 el viernes al mundo a llevar su &#8220;m\u00e1xima&#8221; ambici\u00f3n a la cumbre de la ONU sobre el cambio clim\u00e1tico que se celebrar\u00e1 en noviembre, advirtiendo de que el planeta enfrenta un plazo cada vez m\u00e1s ajustado<\/strong>.<\/p>\n<p>&#8220;Tenemos que llevar a Glasgow nuestras m\u00e1ximas ambiciones. A los que a\u00fan no lo han hecho, se les acaba el tiempo&#8221;, dijo Biden en la Casa Blanca al inicio de una cumbre virtual con nueve l\u00edderes extranjeros.<\/p>\n<p><strong>Biden dijo que Estados Unidos estaba tomando medidas concretas para alcanzar los objetivos clim\u00e1ticos de la ONU, pero se\u00f1al\u00f3 que las recientes y devastadoras inundaciones en el noreste del pa\u00eds<\/strong>\u00a0y los incendios forestales en los estados del oeste fueron eco de fen\u00f3menos meteorol\u00f3gicos extremos desde China hasta el Amazonas.<\/p>\n<p>El mes pasado, el Grupo Intergubernamental de Expertos sobre el<strong>\u00a0Cambio Clim\u00e1tico de la ONU afirm\u00f3 que la temperatura media de la Tierra alcanzar\u00e1 1,5 grados cent\u00edgrados por encima de los niveles preindustriales hacia 2030, una d\u00e9cada antes de lo previsto hace tres a\u00f1os.<\/strong><\/p>\n<p><strong>Biden subray\u00f3 que esto representa &#8220;un c\u00f3digo rojo para la humanidad&#8221;.<\/strong><\/p>\n<p>&#8220;Tenemos que actuar todos nosotros. Tenemos que actuar ahora&#8221;, afirm\u00f3 el mandatario, que convoc\u00f3 al foro virtual como preparaci\u00f3n para la cumbre de la ONU que tendr\u00e1 lugar en Glasgow a principios de noviembre.<\/p>\n<p>La reuni\u00f3n estuvo marcada por la ausencias del presidente chino Xi Jinping y de los l\u00edderes de Brasil e India; tres actores de relevancia en la crisis ambiental.<\/p>\n<p><strong>Los l\u00edderes mundiales tambi\u00e9n asistir\u00e1n el lunes a una conferencia sobre el clima a puerta cerrada al margen de la Asamblea General anual de la ONU en Nueva York.<\/strong><\/p>\n<p><strong>La cumbre de Glasgow se centra en garantizar que el mundo se ci\u00f1a al objetivo acordado de limitar el calentamiento a 1,5 grados cent\u00edgrados.\u00a0<\/strong><\/p>\n<p>Pero &#8220;sin un compromiso adecuado de todos los pa\u00edses presentes en esta sala, el objetivo de limitar el calentamiento a 1,5 se nos escapa de las manos y eso es un desastre&#8221;, dijo Biden.<\/p>\n<p><strong>Destac\u00f3 el compromiso de Estados Unidos de reducir las emisiones de gases de efecto invernadero entre un 50% y un 52% para 2030 en comparaci\u00f3n con los niveles de 2005, junto con otros objetivos importantes.<\/strong><\/p>\n<p>Uno de ellos es el compromiso conjunto con la Uni\u00f3n Europea y otros socios de reducir las emisiones mundiales de metano en al menos un 30% por debajo de los niveles de 2020 para 2030.<\/p>\n<p><strong>&#8220;Nuestro \u00e9nfasis este a\u00f1o va a estar en construir la ambici\u00f3n en el camino a Glasgow&#8221;, dijo, pero, agreg\u00f3, &#8220;Glasgow no es nuestro destino final&#8221;.\u00a0<\/strong><\/p>\n<p>Biden particip\u00f3 desde la Casa Blanca en esa reuni\u00f3n por videoconferencia con los presidentes de Argentina, Bangladesh, Indonesia, M\u00e9xico y Corea del Sur, el primer ministro brit\u00e1nico, Boris Johnson, el secretario general de la ONU, Antonio Guterres, el presidente del Consejo Europeo, Charles Michel, y la presidenta de la Comisi\u00f3n Europea, Ursula von der Leyen.<\/p>\n<p>Con informaci\u00f3n de Heraldo de M\u00e9xico<\/p>\n","protected":false},"excerpt":{"rendered":"<p>El presidente de Estados Unidos, Joe Biden, inst\u00f3 el viernes al mundo a llevar su &#8220;m\u00e1xima&#8221; ambici\u00f3n a la cumbre de la ONU sobre el cambio clim\u00e1tico que se celebrar\u00e1 en noviembre, advirtiendo de que el planeta enfrenta un plazo cada vez m\u00e1s ajustado. &#8220;Tenemos que llevar a Glasgow nuestras m\u00e1ximas ambiciones. A los que &hellip;<\/p>\n","protected":false},"author":6,"featured_media":9406,"comment_status":"open","ping_status":"closed","sticky":false,"template":"","format":"standard","meta":[],"categories":[40],"tags":[239,405,706,260],"_links":{"self":[{"href":"https:\/\/www.elgrillitosuena.com\/inicio\/wp-json\/wp\/v2\/posts\/9405"}],"collection":[{"href":"https:\/\/www.elgrillitosuena.com\/inicio\/wp-json\/wp\/v2\/posts"}],"about":[{"href":"https:\/\/www.elgrillitosuena.com\/inicio\/wp-json\/wp\/v2\/types\/post"}],"author":[{"embeddable":true,"href":"https:\/\/www.elgrillitosuena.com\/inicio\/wp-json\/wp\/v2\/users\/6"}],"replies":[{"embeddable":true,"href":"https:\/\/www.elgrillitosuena.com\/inicio\/wp-json\/wp\/v2\/comments?post=9405"}],"version-history":[{"count":1,"href":"https:\/\/www.elgrillitosuena.com\/inicio\/wp-json\/wp\/v2\/posts\/9405\/revisions"}],"predecessor-version":[{"id":9407,"href":"https:\/\/www.elgrillitosuena.com\/inicio\/wp-json\/wp\/v2\/posts\/9405\/revisions\/9407"}],"wp:featuredmedia":[{"embeddable":true,"href":"https:\/\/www.elgrillitosuena.com\/inicio\/wp-json\/wp\/v2\/media\/9406"}],"wp:attachment":[{"href":"https:\/\/www.elgrillitosuena.com\/inicio\/wp-json\/wp\/v2\/media?parent=9405"}],"wp:term":[{"taxonomy":"category","embeddable":true,"href":"https:\/\/www.elgrillitosuena.com\/inicio\/wp-json\/wp\/v2\/categories?post=9405"},{"taxonomy":"post_tag","embeddable":true,"href":"https:\/\/www.elgrillitosuena.com\/inicio\/wp-json\/wp\/v2\/tags?post=9405"}],"curies":[{"name":"wp","href":"https:\/\/api.w.org\/{rel}","templated":true}]}}