{"id":9399,"date":"2021-09-17T15:54:01","date_gmt":"2021-09-17T15:54:01","guid":{"rendered":"https:\/\/www.elgrillitosuena.com\/inicio\/?p=9399"},"modified":"2021-09-17T15:54:01","modified_gmt":"2021-09-17T15:54:01","slug":"mananera-de-amlo-lopez-obrador-recordara-a-fallecidos-por-sismo-de-1985","status":"publish","type":"post","link":"https:\/\/www.elgrillitosuena.com\/inicio\/noticias\/mexico\/mananera-de-amlo-lopez-obrador-recordara-a-fallecidos-por-sismo-de-1985\/","title":{"rendered":"Ma\u00f1anera de AMLO: L\u00f3pez Obrador recordar\u00e1 a fallecidos por sismo de 1985"},"content":{"rendered":"<p><img decoding=\"async\" src=\"https:\/\/i0.wp.com\/laley1079.sbs.co\/wp-content\/uploads\/sites\/11\/2018\/08\/TEMBLOR-1-765x500.jpg\" \/><\/p>\n<p>El presidente\u00a0<strong>Andr\u00e9s Manuel L\u00f3pez Obrador\u00a0<\/strong>inform\u00f3 que el pr\u00f3ximo domingo encabezar\u00e1 en el\u00a0<strong>Z\u00f3calo<\/strong>\u00a0de la\u00a0<strong>Ciudad de M\u00e9xico<\/strong>, la ceremonia para recordar a los fallecidos en el sismo del\u00a0<strong>19 de septiembre de 1985\u00a0<\/strong>por lo que se izar\u00e1 la bandera a media asta.<\/p>\n<p>En conferencia de prensa matutina, el titular del Ejecutivo federal llam\u00f3 a la poblaci\u00f3n a participar en el\u00a0<strong>simulacro<\/strong>\u00a0de sismo que se llevar\u00e1 ese mismo domingo.<\/p>\n<p>En el sal\u00f3n Tesorer\u00eda de\u00a0<strong>Palacio Nacional<\/strong>, el mandatario federal detall\u00f3 que el domingo tambi\u00e9n viajar\u00e1 a\u00a0<strong>Oaxaca<\/strong>\u00a0para encabezar un d\u00eda despu\u00e9s la reuni\u00f3n del gabinete de seguridad y su conferencia de prensa matutina.<\/p>\n<p>Comentarles que vamos a llevar a cabo el domingo una gira por\u00a0<strong>Oaxaca<\/strong>, despu\u00e9s de la ceremonia de d\u00eda 19 por la ma\u00f1ana para izar la bandera a media asta para recordar a los fallecidos en el\u00a0<strong>sismo de 1985<\/strong>&#8220;, dijo el presidente.<\/p>\n<p>&#8220;Tambi\u00e9n invitar a toda la gente porque se va a llevar un\u00a0<strong>simulacro<\/strong>\u00a0para protegernos ante\u00a0<strong>sismos<\/strong>, esto va a ser el domingo en nuestras casas. Ya el d\u00eda de hoy se va a dar mucho m\u00e1s informaci\u00f3n sobre este importante evento&#8221;, indic\u00f3.<\/p>\n<p>Con informaci\u00f3n de El Imparcial<\/p>\n<p>&nbsp;<\/p>\n","protected":false},"excerpt":{"rendered":"<p>El presidente\u00a0Andr\u00e9s Manuel L\u00f3pez Obrador\u00a0inform\u00f3 que el pr\u00f3ximo domingo encabezar\u00e1 en el\u00a0Z\u00f3calo\u00a0de la\u00a0Ciudad de M\u00e9xico, la ceremonia para recordar a los fallecidos en el sismo del\u00a019 de septiembre de 1985\u00a0por lo que se izar\u00e1 la bandera a media asta. En conferencia de prensa matutina, el titular del Ejecutivo federal llam\u00f3 a la poblaci\u00f3n a participar &hellip;<\/p>\n","protected":false},"author":6,"featured_media":9400,"comment_status":"open","ping_status":"closed","sticky":false,"template":"","format":"standard","meta":[],"categories":[39],"tags":[98,2582,2580,2581],"_links":{"self":[{"href":"https:\/\/www.elgrillitosuena.com\/inicio\/wp-json\/wp\/v2\/posts\/9399"}],"collection":[{"href":"https:\/\/www.elgrillitosuena.com\/inicio\/wp-json\/wp\/v2\/posts"}],"about":[{"href":"https:\/\/www.elgrillitosuena.com\/inicio\/wp-json\/wp\/v2\/types\/post"}],"author":[{"embeddable":true,"href":"https:\/\/www.elgrillitosuena.com\/inicio\/wp-json\/wp\/v2\/users\/6"}],"replies":[{"embeddable":true,"href":"https:\/\/www.elgrillitosuena.com\/inicio\/wp-json\/wp\/v2\/comments?post=9399"}],"version-history":[{"count":1,"href":"https:\/\/www.elgrillitosuena.com\/inicio\/wp-json\/wp\/v2\/posts\/9399\/revisions"}],"predecessor-version":[{"id":9401,"href":"https:\/\/www.elgrillitosuena.com\/inicio\/wp-json\/wp\/v2\/posts\/9399\/revisions\/9401"}],"wp:featuredmedia":[{"embeddable":true,"href":"https:\/\/www.elgrillitosuena.com\/inicio\/wp-json\/wp\/v2\/media\/9400"}],"wp:attachment":[{"href":"https:\/\/www.elgrillitosuena.com\/inicio\/wp-json\/wp\/v2\/media?parent=9399"}],"wp:term":[{"taxonomy":"category","embeddable":true,"href":"https:\/\/www.elgrillitosuena.com\/inicio\/wp-json\/wp\/v2\/categories?post=9399"},{"taxonomy":"post_tag","embeddable":true,"href":"https:\/\/www.elgrillitosuena.com\/inicio\/wp-json\/wp\/v2\/tags?post=9399"}],"curies":[{"name":"wp","href":"https:\/\/api.w.org\/{rel}","templated":true}]}}