{"id":9092,"date":"2021-08-30T12:33:02","date_gmt":"2021-08-30T12:33:02","guid":{"rendered":"https:\/\/www.elgrillitosuena.com\/inicio\/?p=9092"},"modified":"2021-08-30T13:03:14","modified_gmt":"2021-08-30T13:03:14","slug":"inicia-vacunacion-de-primera-dosis-de-18-a-29-anos-en-morelia","status":"publish","type":"post","link":"https:\/\/www.elgrillitosuena.com\/inicio\/noticias\/michoacan\/inicia-vacunacion-de-primera-dosis-de-18-a-29-anos-en-morelia\/","title":{"rendered":"Inicia vacunaci\u00f3n de primera dosis de 18 a 29 a\u00f1os en Morelia"},"content":{"rendered":"<p><img decoding=\"async\" loading=\"lazy\" class=\"alignnone wp-image-9093\" src=\"https:\/\/www.elgrillitosuena.com\/inicio\/wp-content\/uploads\/2021\/08\/image_large-300x225.jpeg\" alt=\"\" width=\"819\" height=\"614\" srcset=\"https:\/\/www.elgrillitosuena.com\/inicio\/wp-content\/uploads\/2021\/08\/image_large-300x225.jpeg 300w, https:\/\/www.elgrillitosuena.com\/inicio\/wp-content\/uploads\/2021\/08\/image_large-1024x767.jpeg 1024w, https:\/\/www.elgrillitosuena.com\/inicio\/wp-content\/uploads\/2021\/08\/image_large-768x575.jpeg 768w, https:\/\/www.elgrillitosuena.com\/inicio\/wp-content\/uploads\/2021\/08\/image_large.jpeg 1117w\" sizes=\"(max-width: 819px) 100vw, 819px\" \/><\/p>\n<p>Uruapan, Mich.- A partir de hoy inici\u00f3 en la capital michoacana la vacunaci\u00f3n con la primera dosis de Pfizer a j\u00f3venes de entre 18 a 29 a\u00f1os, as\u00ed\u00a0 como en otros municipios de Michoac\u00e1n como son;<strong> La Piedad, Apatzing\u00e1n, Coalcom\u00e1n e Hidalgo.<\/strong><\/p>\n<p>En Zit\u00e1cuaro se aplicar\u00e1 la primera dosis a\u00a0a personas de 18 a 29 y segunda dosis a poblaci\u00f3n de 30 a 39 a\u00f1os de edad.<\/p>\n<p>Datos del Instituto Nacional de estad\u00edstica y Geograf\u00eda (INEGI) revelan que solo en Morelia hay 147 mil 977 morelianos entre el rango de edad que va de los 20 a 29 a\u00f1os de edad, seg\u00fan el censo del 2020. A lo anterior, se suma otro grupo de 28 mil personas entre los 18 y 19 a\u00f1os de edad, lo que da un grupo etario de 176 mil j\u00f3venes que tendr\u00edan que haber sido vacunados.<\/p>\n<p>Hasta el momento tanto autoridades locales como federales no se han pronunciado respecto a si las dosis alcanzar\u00e1n para inmunizar al grupo etario m\u00e1s grande en t\u00e9rminos demogr\u00e1ficos en la ciudad de Morelia.<\/p>\n<p>Con informaci\u00f3n de La Voz<\/p>\n<p>&nbsp;<\/p>\n","protected":false},"excerpt":{"rendered":"<p>Uruapan, Mich.- A partir de hoy inici\u00f3 en la capital michoacana la vacunaci\u00f3n con la primera dosis de Pfizer a j\u00f3venes de entre 18 a 29 a\u00f1os, as\u00ed\u00a0 como en otros municipios de Michoac\u00e1n como son; La Piedad, Apatzing\u00e1n, Coalcom\u00e1n e Hidalgo. En Zit\u00e1cuaro se aplicar\u00e1 la primera dosis a\u00a0a personas de 18 a 29 &hellip;<\/p>\n","protected":false},"author":2,"featured_media":9093,"comment_status":"open","ping_status":"closed","sticky":false,"template":"","format":"standard","meta":[],"categories":[38],"tags":[258,172,1147],"_links":{"self":[{"href":"https:\/\/www.elgrillitosuena.com\/inicio\/wp-json\/wp\/v2\/posts\/9092"}],"collection":[{"href":"https:\/\/www.elgrillitosuena.com\/inicio\/wp-json\/wp\/v2\/posts"}],"about":[{"href":"https:\/\/www.elgrillitosuena.com\/inicio\/wp-json\/wp\/v2\/types\/post"}],"author":[{"embeddable":true,"href":"https:\/\/www.elgrillitosuena.com\/inicio\/wp-json\/wp\/v2\/users\/2"}],"replies":[{"embeddable":true,"href":"https:\/\/www.elgrillitosuena.com\/inicio\/wp-json\/wp\/v2\/comments?post=9092"}],"version-history":[{"count":3,"href":"https:\/\/www.elgrillitosuena.com\/inicio\/wp-json\/wp\/v2\/posts\/9092\/revisions"}],"predecessor-version":[{"id":9120,"href":"https:\/\/www.elgrillitosuena.com\/inicio\/wp-json\/wp\/v2\/posts\/9092\/revisions\/9120"}],"wp:featuredmedia":[{"embeddable":true,"href":"https:\/\/www.elgrillitosuena.com\/inicio\/wp-json\/wp\/v2\/media\/9093"}],"wp:attachment":[{"href":"https:\/\/www.elgrillitosuena.com\/inicio\/wp-json\/wp\/v2\/media?parent=9092"}],"wp:term":[{"taxonomy":"category","embeddable":true,"href":"https:\/\/www.elgrillitosuena.com\/inicio\/wp-json\/wp\/v2\/categories?post=9092"},{"taxonomy":"post_tag","embeddable":true,"href":"https:\/\/www.elgrillitosuena.com\/inicio\/wp-json\/wp\/v2\/tags?post=9092"}],"curies":[{"name":"wp","href":"https:\/\/api.w.org\/{rel}","templated":true}]}}