{"id":9051,"date":"2021-08-24T16:48:18","date_gmt":"2021-08-24T16:48:18","guid":{"rendered":"https:\/\/www.elgrillitosuena.com\/inicio\/?p=9051"},"modified":"2021-08-24T16:48:18","modified_gmt":"2021-08-24T16:48:18","slug":"lopez-gatell-destaca-que-probabilidad-de-que-un-menor-muera-por-covid-es-casi-nula","status":"publish","type":"post","link":"https:\/\/www.elgrillitosuena.com\/inicio\/noticias\/mexico\/lopez-gatell-destaca-que-probabilidad-de-que-un-menor-muera-por-covid-es-casi-nula\/","title":{"rendered":"L\u00f3pez-Gatell destaca que probabilidad de que un menor muera por Covid es \u201ccasi nula\u201d"},"content":{"rendered":"<p><img decoding=\"async\" src=\"https:\/\/www.cronica.com.mx\/nimagenes\/1\/2021-08-24_10-08-14___293.jpg\" alt=\"L\u00f3pez-Gatell insiste en  \" \/><\/p>\n<p>Los\u00a0<strong>ni\u00f1os<\/strong>\u00a0no son una\u00a0<strong>poblaci\u00f3n en riesgo<\/strong>\u00a0ni en\u00a0<strong>M\u00e9xico<\/strong>\u00a0ni en el mundo frente a la\u00a0<strong>pandemia<\/strong>\u00a0de\u00a0<strong>Covid-19<\/strong>, pero se deben seguir medidas con personas que padecen enfermedades inmunosupresoras, dijo\u00a0<strong>Hugo L\u00f3pez-Gatell,<\/strong>\u00a0subsecretario de Salud.<\/p>\n<p>Grupo Healy pregunt\u00f3 durante la conferencia matutina sobre el caso de\u00a0<strong>Ximena<\/strong>, la peque\u00f1a de 9 a\u00f1os que falleci\u00f3 la semana pasada en\u00a0<strong>Hermosillo<\/strong>\u00a0de\u00a0<strong>Covid-19<\/strong>\u00a0y que de acuerdo a declaraciones de su madre\u00a0<strong>no tomaron precauciones especiales porque pensaron que a los ni\u00f1os no les daba una enfermedad grave<\/strong>.<\/p>\n<p><strong>L\u00f3pez-Gatell\u00a0<\/strong>reiter\u00f3 que a los ni\u00f1os no les da una enfermedad grave, aunque hay casos particulares como el de\u00a0<strong>Ximena<\/strong>.<\/p>\n<blockquote><p><strong>La situaci\u00f3n con menores de edad respecto a Covid ni en M\u00e9xico ni en el mundo ha mostrado que sea una poblaci\u00f3n de especial riesgo<\/strong>, ni en\u00a0<strong>M\u00e9xico<\/strong>\u00a0ni en el mundo. Aqu\u00ed hemos mostrado datos de la vigilancia epidemiol\u00f3gica de\u00a0<strong>M\u00e9xico<\/strong>\u00a0y se ve claramente que por debajo de los 18 a\u00f1os de edad existe un riesgo mucho menor de tener enfermedad\u00a0<strong>Covid<\/strong>, sobre todo la enfermedad grave y un riesgo casi nulo de morir por Covid\u201d, dijo.<\/p><\/blockquote>\n<h2>Escasa mortalidad por Covid en ni\u00f1os<\/h2>\n<p><strong>L\u00f3pez- Gatell afirm\u00f3 que la probabilidad de que un menor de edad termine en el hospital por Covid es de 0.004%<\/strong>, aunque, reconoci\u00f3, existen casos individuales.<\/p>\n<p>\u201cEl caso concreto, esta peque\u00f1ita ten\u00eda alteraciones desde el nacimiento:\u00a0<strong>par\u00e1lisis cerebral infantil, hab\u00eda tenido un largo proceso de enfermedad, su vida no era con todo el potencial<\/strong>\u00a0que puede tener cualquier otro ni\u00f1o por estas afecciones y esto condicion\u00f3 un mayor riesgo que el\u00a0<strong>desenlace<\/strong> desafortunado ocurriera\u201d, explico.<\/p>\n<p><strong>L\u00f3pez-Gatell recomend\u00f3 a la poblaci\u00f3n tener especial cuidado con menores y personas con enfermedades inmunosupresoras<\/strong>\u00a0como fue el caso de la ni\u00f1a\u00a0<strong>Ximena<\/strong>.<\/p>\n<p>Ante el regreso a clases, dijo,\u00a0<strong>ser\u00e1n los m\u00e9dicos de los ni\u00f1os con alguna enfermedad<\/strong>\u00a0quienes recomienden volver a las aulas o no.<\/p>\n<p>Recomendamos para ni\u00f1os y para adultos, independientemente del sitio al que van a concurrir, cuando se trata de los casos en particular que padecen enfermedades\u00a0<strong>inmunosupresoras<\/strong>\u00a0por c\u00e1ncer, \u00a0uso de esteroides, porque est\u00e1n en \u00a0inmunoterapia o por enfermedad cong\u00e9nita seguir las recomendaciones del m\u00e9dico tratante\u201d, dijo.<\/p>\n<p>Con informaci\u00f3n de El imparcial<\/p>\n","protected":false},"excerpt":{"rendered":"<p>Los\u00a0ni\u00f1os\u00a0no son una\u00a0poblaci\u00f3n en riesgo\u00a0ni en\u00a0M\u00e9xico\u00a0ni en el mundo frente a la\u00a0pandemia\u00a0de\u00a0Covid-19, pero se deben seguir medidas con personas que padecen enfermedades inmunosupresoras, dijo\u00a0Hugo L\u00f3pez-Gatell,\u00a0subsecretario de Salud. Grupo Healy pregunt\u00f3 durante la conferencia matutina sobre el caso de\u00a0Ximena, la peque\u00f1a de 9 a\u00f1os que falleci\u00f3 la semana pasada en\u00a0Hermosillo\u00a0de\u00a0Covid-19\u00a0y que de acuerdo a declaraciones de &hellip;<\/p>\n","protected":false},"author":6,"featured_media":9052,"comment_status":"open","ping_status":"closed","sticky":false,"template":"","format":"standard","meta":[],"categories":[39],"tags":[165,711,217],"_links":{"self":[{"href":"https:\/\/www.elgrillitosuena.com\/inicio\/wp-json\/wp\/v2\/posts\/9051"}],"collection":[{"href":"https:\/\/www.elgrillitosuena.com\/inicio\/wp-json\/wp\/v2\/posts"}],"about":[{"href":"https:\/\/www.elgrillitosuena.com\/inicio\/wp-json\/wp\/v2\/types\/post"}],"author":[{"embeddable":true,"href":"https:\/\/www.elgrillitosuena.com\/inicio\/wp-json\/wp\/v2\/users\/6"}],"replies":[{"embeddable":true,"href":"https:\/\/www.elgrillitosuena.com\/inicio\/wp-json\/wp\/v2\/comments?post=9051"}],"version-history":[{"count":1,"href":"https:\/\/www.elgrillitosuena.com\/inicio\/wp-json\/wp\/v2\/posts\/9051\/revisions"}],"predecessor-version":[{"id":9053,"href":"https:\/\/www.elgrillitosuena.com\/inicio\/wp-json\/wp\/v2\/posts\/9051\/revisions\/9053"}],"wp:featuredmedia":[{"embeddable":true,"href":"https:\/\/www.elgrillitosuena.com\/inicio\/wp-json\/wp\/v2\/media\/9052"}],"wp:attachment":[{"href":"https:\/\/www.elgrillitosuena.com\/inicio\/wp-json\/wp\/v2\/media?parent=9051"}],"wp:term":[{"taxonomy":"category","embeddable":true,"href":"https:\/\/www.elgrillitosuena.com\/inicio\/wp-json\/wp\/v2\/categories?post=9051"},{"taxonomy":"post_tag","embeddable":true,"href":"https:\/\/www.elgrillitosuena.com\/inicio\/wp-json\/wp\/v2\/tags?post=9051"}],"curies":[{"name":"wp","href":"https:\/\/api.w.org\/{rel}","templated":true}]}}