{"id":8876,"date":"2021-08-18T16:45:55","date_gmt":"2021-08-18T16:45:55","guid":{"rendered":"https:\/\/www.elgrillitosuena.com\/inicio\/?p=8876"},"modified":"2021-08-18T16:45:55","modified_gmt":"2021-08-18T16:45:55","slug":"amlo-presume-apoyo-de-unicef-al-regreso-a-clases-presenciales-en-mexico","status":"publish","type":"post","link":"https:\/\/www.elgrillitosuena.com\/inicio\/noticias\/mexico\/amlo-presume-apoyo-de-unicef-al-regreso-a-clases-presenciales-en-mexico\/","title":{"rendered":"AMLO presume apoyo de Unicef al regreso a clases presenciales en M\u00e9xico"},"content":{"rendered":"<p><img decoding=\"async\" src=\"https:\/\/www.jornada.com.mx\/ultimas\/2021\/08\/17\/indispensable-regreso-a-clases-opina-representante-de-unicef-4198.html\/ebrard.jpg-8262.html\/image_large\" \/><\/p>\n<p>El presidente<strong>\u00a0Andr\u00e9s Manuel L\u00f3pez Obrador\u00a0<\/strong>refiri\u00f3 el apoyo del\u00a0<strong>Fondo de Naciones Unidas para la Infancia (Unicef)\u00a0<\/strong>al regreso a clases presenciales en M\u00e9xico, situaci\u00f3n que ha generado pol\u00e9mica, pues el pa\u00eds pasa por la tercera ola de la pandemia por Covid-19.<\/p>\n<p>Este mi\u00e9rcoles, el presidente de M\u00e9xico expuso que la\u00a0<strong>Unicef\u00a0<\/strong>acompa\u00f1ar\u00e1 a la\u00a0<strong>Secretar\u00eda de Gobernaci\u00f3n<\/strong>\u00a0 y a la\u00a0<strong>Secretar\u00eda de Educaci\u00f3n P\u00fablica<\/strong>\u00a0a presentar los da\u00f1os de mantener las escuelas cerradas.<\/p>\n<blockquote><p>&#8220;Ma\u00f1ana, por cierto, para que no haya confusi\u00f3n, van a estar de Gobernaci\u00f3n, que hicieron un estudio, de la Unicef y de la SEP, para probar el da\u00f1o que causa el que los ni\u00f1os no asistan a la escuela, fundado, con pruebas&#8221;, explic\u00f3 en la Ma\u00f1anera.<\/p><\/blockquote>\n<h3>Clases en la pandemia<\/h3>\n<p>Desde que estall\u00f3 la pandemia en M\u00e9xico, en marzo de 2020, al menos 30 millones de estudiantes mexicanos resultaron afectados al no poder asistir a clases.<\/p>\n<p>Recientemente,\u00a0<strong>L\u00f3pez Obrador\u00a0<\/strong>declar\u00f3 que en M\u00e9xico se abrir\u00e1n las escuelas para clases presenciales &#8220;llueve, truene o relampaguee&#8221;\u00a0 el <strong>30 de agosto<\/strong>, aunque el pa\u00eds marc\u00f3 la semana pasada los cuatro d\u00edas m\u00e1s altos de\u00a0<strong>contagios de toda la pandemia<\/strong>, con un r\u00e9cord de casi 25 mil\u00a0el jueves pasado.<\/p>\n<blockquote><p>&#8220;Si la Unicef plantea, yo no lo aseguro, pero si ellos dicen que hace m\u00e1s da\u00f1o el tener a los ni\u00f1os encerrados que un posible contagio, pues deben tener fundamentos, yo no quiero que los ni\u00f1os se enfermen, que se contagien, nadie, pero hay que revisarlo&#8221;, argument\u00f3 este mi\u00e9rcoles.<\/p><\/blockquote>\n<p>El Gobierno de M\u00e9xico ha levantado cr\u00edticas por minimizar los contagios en los ni\u00f1os, pues en publicidad oficial ha asegurado que &#8220;en el mundo no existe evidencia de epidemia por covid-19 en menores edad&#8221;.<\/p>\n<p>Funcionarios argumentaron esta semana que &#8220;solo&#8221; el 1,6 % de los hospitalizados actuales por covid-19 son menores de edad.<\/p>\n<p>&#8220;Si yo estoy haciendo el llamado para que se regrese a clases es porque considero que no hay riesgos o que son menores&#8221;, declar\u00f3 el mandatario.<\/p>\n<p>La\u00a0<strong>SEP\u00a0<\/strong>tambi\u00e9n provoc\u00f3\u00a0<strong>pol\u00e9mica\u00a0<\/strong>por pedir la firma de carta responsiva en la que los padres de familia asum\u00edan el riesgo de contagio al enviar a los ni\u00f1os a las escuelas.<\/p>\n<p>Despu\u00e9s, el presidente dijo desconocer qui\u00e9n hab\u00eda ordenado la carta, adem\u00e1s de asegurar que circulaba una versi\u00f3n falsa.<\/p>\n<p>El mandatario tambi\u00e9n cuestion\u00f3 a la prensa por reportar los contagios de menores de edad en M\u00e9xico y la saturaci\u00f3n de hospitales pedi\u00e1tricos.<\/p>\n<p>&#8220;No hay ninguna confusi\u00f3n, es toda una campa\u00f1a de desprestigio, infundir miedo, pero no es porque les importe la salud de los ni\u00f1os&#8221;, declar\u00f3.<\/p>\n<p>Con informaci\u00f3n de El imparcial<\/p>\n<div id=\"hybs-mslot-1588-0\" class=\"hybs-mslot\"><\/div>\n<div id=\"div-gpt-ad-1557181340652-0\" data-google-query-id=\"CO7eiv6Au_ICFZk6AQod3kgHtA\"><\/div>\n","protected":false},"excerpt":{"rendered":"<p>El presidente\u00a0Andr\u00e9s Manuel L\u00f3pez Obrador\u00a0refiri\u00f3 el apoyo del\u00a0Fondo de Naciones Unidas para la Infancia (Unicef)\u00a0al regreso a clases presenciales en M\u00e9xico, situaci\u00f3n que ha generado pol\u00e9mica, pues el pa\u00eds pasa por la tercera ola de la pandemia por Covid-19. Este mi\u00e9rcoles, el presidente de M\u00e9xico expuso que la\u00a0Unicef\u00a0acompa\u00f1ar\u00e1 a la\u00a0Secretar\u00eda de Gobernaci\u00f3n\u00a0 y a la\u00a0Secretar\u00eda &hellip;<\/p>\n","protected":false},"author":6,"featured_media":8877,"comment_status":"open","ping_status":"closed","sticky":false,"template":"","format":"standard","meta":[],"categories":[39],"tags":[98,232,685,2110],"_links":{"self":[{"href":"https:\/\/www.elgrillitosuena.com\/inicio\/wp-json\/wp\/v2\/posts\/8876"}],"collection":[{"href":"https:\/\/www.elgrillitosuena.com\/inicio\/wp-json\/wp\/v2\/posts"}],"about":[{"href":"https:\/\/www.elgrillitosuena.com\/inicio\/wp-json\/wp\/v2\/types\/post"}],"author":[{"embeddable":true,"href":"https:\/\/www.elgrillitosuena.com\/inicio\/wp-json\/wp\/v2\/users\/6"}],"replies":[{"embeddable":true,"href":"https:\/\/www.elgrillitosuena.com\/inicio\/wp-json\/wp\/v2\/comments?post=8876"}],"version-history":[{"count":1,"href":"https:\/\/www.elgrillitosuena.com\/inicio\/wp-json\/wp\/v2\/posts\/8876\/revisions"}],"predecessor-version":[{"id":8878,"href":"https:\/\/www.elgrillitosuena.com\/inicio\/wp-json\/wp\/v2\/posts\/8876\/revisions\/8878"}],"wp:featuredmedia":[{"embeddable":true,"href":"https:\/\/www.elgrillitosuena.com\/inicio\/wp-json\/wp\/v2\/media\/8877"}],"wp:attachment":[{"href":"https:\/\/www.elgrillitosuena.com\/inicio\/wp-json\/wp\/v2\/media?parent=8876"}],"wp:term":[{"taxonomy":"category","embeddable":true,"href":"https:\/\/www.elgrillitosuena.com\/inicio\/wp-json\/wp\/v2\/categories?post=8876"},{"taxonomy":"post_tag","embeddable":true,"href":"https:\/\/www.elgrillitosuena.com\/inicio\/wp-json\/wp\/v2\/tags?post=8876"}],"curies":[{"name":"wp","href":"https:\/\/api.w.org\/{rel}","templated":true}]}}