{"id":8870,"date":"2021-08-18T16:28:27","date_gmt":"2021-08-18T16:28:27","guid":{"rendered":"https:\/\/www.elgrillitosuena.com\/inicio\/?p=8870"},"modified":"2021-08-18T16:28:27","modified_gmt":"2021-08-18T16:28:27","slug":"todo-lo-que-tienes-que-saber-sobre-el-festival-internacional-de-cine-de-guanajuato-2021","status":"publish","type":"post","link":"https:\/\/www.elgrillitosuena.com\/inicio\/noticias\/cultura\/todo-lo-que-tienes-que-saber-sobre-el-festival-internacional-de-cine-de-guanajuato-2021\/","title":{"rendered":"Todo lo que tienes que saber sobre el Festival Internacional de Cine de Guanajuato 2021"},"content":{"rendered":"<p><img decoding=\"async\" src=\"https:\/\/heraldodemexico.com.mx\/u\/fotografias\/m\/2021\/8\/17\/f960x540-409418_483493_0.jpg\" alt=\"Se trata de la vig\u00e9simo cuarta edici\u00f3n del Festival Internacional de Cine Guanajuato @giff.mx\" \/><\/p>\n<p>Del 17 al 26 de septiembre del 2021 en las ciudades de\u00a0<strong>Le\u00f3n<\/strong>, San Miguel de Allende e\u00a0<strong>Irapuato<\/strong>\u00a0se llevar\u00e1 a cabo la vig\u00e9simo cuarta edici\u00f3n del\u00a0<strong>Festival Internacional de Cine Guanajuato<\/strong>\u00a0(GIFF).<\/p>\n<p>Para este a\u00f1o se tiene programado el regreso a salas de\u00a0<strong>cine<\/strong>\u00a0y\u00a0<strong>teatros<\/strong>, siempre respetando los protocolos de sanidad dictados por la\u00a0<strong>Secretar\u00eda de Salud<\/strong>\u00a0e instancias pertinentes, pero tambi\u00e9n se mantendr\u00e1 la plataforma de\u00a0<strong>streaming\u00a0<\/strong>y transmisiones online.<\/p>\n<p>La edici\u00f3n 24 recibi\u00f3 total de 3,274 pel\u00edculas provenientes de\u00a0<strong>132 pa\u00edses,<\/strong>\u00a0de donde se conformar\u00e1 la Selecci\u00f3n Oficial en sus categor\u00edas de cortometrajes de Ficci\u00f3n, Animaci\u00f3n,\u00a0<strong>Documental<\/strong>, Experimental, Realidad Virtual, M\u00e9xico y Guanajuato. Asimismo, para largometrajes competir\u00e1n las categor\u00edas Ficci\u00f3n Internacional, Ficci\u00f3n M\u00e9xico, Documental Internacional y Documental M\u00e9xico. La programaci\u00f3n oficial de #GIFF24 se anunciar\u00e1 a finales del mes de agosto a trav\u00e9s de\u00a0www.giff.mx\u00a0y medios de comunicaci\u00f3n, expresaron los organizadores en un comunicado.<\/p>\n<h2>Fechas y sedes<\/h2>\n<p>GIFF presentar\u00e1 para este a\u00f1o proyecciones con aforo controlado en\u00a0<strong>teatros emblem\u00e1ticos<\/strong>\u00a0en las ciudades sede (Guanajuato) \u00a0y en salas de Cinemex, as\u00ed como transmisiones en l\u00ednea durante los 10 d\u00edas de duraci\u00f3n del festival.<\/p>\n<p><strong>Del18 al 20 de septiembre en Le\u00f3n<\/strong>. Sede principal el Forum Cultural Guanajuato, otros lugares de proyecci\u00f3n: Plaza de Gallos y Cinemex Plaza Mayor.<\/p>\n<p><strong>21 al 23 de septiembre en San Miguel de Allende<\/strong>. Sede Jard\u00edn Principal, adem\u00e1s de proyecciones en el Centro Cultural Ignacio Ram\u00edrez \u201cEl Nigromante\u201d, y en Cinemex Plaza Luci\u00e9rnaga. Ademas se llevar\u00e1 a cabo por primera ocasi\u00f3n el Rally Universitario, donde seis equipos de distintas universidades del pa\u00eds grabar\u00e1n un cortometraje en 48 horas.<\/p>\n<p><strong>24 al 26 de septiembre en Irapuato<\/strong>. Con sede en el Teatro de la Ciudad como sede principal, aunado a un Cinema Picnic al aire libre y proyecciones en Cinemex Plaza Jacarandas.<\/p>\n<ul>\n<li>Transmisiones en l\u00ednea del 17 al 26 de septiembre, a trav\u00e9s de la plataforma digital\u00a0www.giff.mx\/online, adem\u00e1s de paneles, talleres y conferencias.<\/li>\n<\/ul>\n<h2>Homenaje<\/h2>\n<p><strong>GIFF\u00a0<\/strong>rendir\u00e1 un sentido homenaje a la vida y obra de\u00a0<strong>Ernesto Herrera<\/strong>, cofundador del festival y una notable mentefactura en el \u00e1mbito de las industrias creativas, el homenaje constar\u00e1 de una exposici\u00f3n de 40 fotograf\u00edas que revelan la trayectoria profesional de Ernesto Herrera, as\u00ed como el auge creativo que alcanz\u00f3 con Expresi\u00f3n en Corto, posteriormente GIFF<\/p>\n<p><strong>\u00bfQui\u00e9n fue Ernesto Herrera?<\/strong><\/p>\n<p>\u201c<strong>Ernesto Herrera<\/strong>\u00a0naci\u00f3 en\u00a0<strong>Le\u00f3n, Guanajuato<\/strong>, un 20 de diciembre de 1964 para nunca m\u00e1s irse de este mundo. Fue un 12 de febrero del 2021, con 56 a\u00f1os cumplidos, cuando le convocaron para un nuevo llamado. Algunos dicen que fue el virus lo que le llev\u00f3, otros m\u00e1s que ya no estar\u00e1 por un tiempo, como convencidos que el final es inequ\u00edvocamente propio de lo que termina\u201d, se menciona en la informaci\u00f3n del portal.<\/p>\n<p>Con informaci\u00f3n de Heraldo de M\u00e9xico<\/p>\n","protected":false},"excerpt":{"rendered":"<p>Del 17 al 26 de septiembre del 2021 en las ciudades de\u00a0Le\u00f3n, San Miguel de Allende e\u00a0Irapuato\u00a0se llevar\u00e1 a cabo la vig\u00e9simo cuarta edici\u00f3n del\u00a0Festival Internacional de Cine Guanajuato\u00a0(GIFF). Para este a\u00f1o se tiene programado el regreso a salas de\u00a0cine\u00a0y\u00a0teatros, siempre respetando los protocolos de sanidad dictados por la\u00a0Secretar\u00eda de Salud\u00a0e instancias pertinentes, pero tambi\u00e9n &hellip;<\/p>\n","protected":false},"author":6,"featured_media":8871,"comment_status":"open","ping_status":"closed","sticky":false,"template":"","format":"standard","meta":[],"categories":[43],"tags":[2412,1103],"_links":{"self":[{"href":"https:\/\/www.elgrillitosuena.com\/inicio\/wp-json\/wp\/v2\/posts\/8870"}],"collection":[{"href":"https:\/\/www.elgrillitosuena.com\/inicio\/wp-json\/wp\/v2\/posts"}],"about":[{"href":"https:\/\/www.elgrillitosuena.com\/inicio\/wp-json\/wp\/v2\/types\/post"}],"author":[{"embeddable":true,"href":"https:\/\/www.elgrillitosuena.com\/inicio\/wp-json\/wp\/v2\/users\/6"}],"replies":[{"embeddable":true,"href":"https:\/\/www.elgrillitosuena.com\/inicio\/wp-json\/wp\/v2\/comments?post=8870"}],"version-history":[{"count":1,"href":"https:\/\/www.elgrillitosuena.com\/inicio\/wp-json\/wp\/v2\/posts\/8870\/revisions"}],"predecessor-version":[{"id":8872,"href":"https:\/\/www.elgrillitosuena.com\/inicio\/wp-json\/wp\/v2\/posts\/8870\/revisions\/8872"}],"wp:featuredmedia":[{"embeddable":true,"href":"https:\/\/www.elgrillitosuena.com\/inicio\/wp-json\/wp\/v2\/media\/8871"}],"wp:attachment":[{"href":"https:\/\/www.elgrillitosuena.com\/inicio\/wp-json\/wp\/v2\/media?parent=8870"}],"wp:term":[{"taxonomy":"category","embeddable":true,"href":"https:\/\/www.elgrillitosuena.com\/inicio\/wp-json\/wp\/v2\/categories?post=8870"},{"taxonomy":"post_tag","embeddable":true,"href":"https:\/\/www.elgrillitosuena.com\/inicio\/wp-json\/wp\/v2\/tags?post=8870"}],"curies":[{"name":"wp","href":"https:\/\/api.w.org\/{rel}","templated":true}]}}