{"id":8863,"date":"2021-08-18T15:50:06","date_gmt":"2021-08-18T15:50:06","guid":{"rendered":"https:\/\/www.elgrillitosuena.com\/inicio\/?p=8863"},"modified":"2021-08-18T15:50:06","modified_gmt":"2021-08-18T15:50:06","slug":"los-talibanes-crearan-un-centro-terrorista-en-afganistan-presidente-checo-milos-zeman","status":"publish","type":"post","link":"https:\/\/www.elgrillitosuena.com\/inicio\/noticias\/mundo\/los-talibanes-crearan-un-centro-terrorista-en-afganistan-presidente-checo-milos-zeman\/","title":{"rendered":"Los talibanes crear\u00e1n un centro terrorista en Afganist\u00e1n: presidente checo, Milos Zeman"},"content":{"rendered":"<p><img decoding=\"async\" src=\"https:\/\/es.sott.net\/image\/s22\/458811\/full\/5abab3f9e9180f3f5b8b4567.jpg\" \/><\/p>\n<p>El presidente Checo, Milos Zeman, asegur\u00f3 que los<strong>\u00a0talibanes establecer\u00e1n un centro terrorista\u00a0<\/strong>tras\u00a0su victor\u00eda en Afganist\u00e1n.<\/p>\n<p>Los talibanes lograr\u00f3n hacercese del control de Afganist\u00e1n luego de la retirada de las tropas<strong>\u00a0de la OTAN y de Estados Unidos<\/strong>\u00a0que se estaba prevista terminara el 31 de agosto.<\/p>\n<p>La comunidad internacional ha demostrado su preocupaci\u00f3n por el\u00a0<strong>cumplimiento de los derechos humanos en especial los derechos<\/strong>\u00a0humanos de las muejeres y los derechos humanos de los ni\u00f1os, los talibanes han comentado durante ruedas de prensa que se les garantizar\u00e1 todos los derechos humanos a las muejeres tanto como lo marca el isl\u00e1m, lo cual ha despertado la incertidumbre de varios pa\u00edses.<\/p>\n<h2><strong>P\u00e9rdida de prestigio como l\u00edder mundial<\/strong><\/h2>\n<p>Zeman, ha cr\u00edticado a los\u00a0<strong>Estados Unidos y a la OTAN<\/strong>, por la desici\u00f3n de retirar sus tropas de Afganist\u00e1n y permit\u00edr as\u00ed las la victorias de los talibanes.<\/p>\n<p>Zeman, primer ministro socialdem\u00f3crata cuando Rep\u00fablica Checa se uni\u00f3 a la OTAN, asegura que \u00e9l mismo advirti\u00f3 personalmente tanto al actual presidente de EU,\u00a0Joe Biden, como a su antecesor, Donald Trump, de que\u00a0<strong>sacar las tropas de Afganist\u00e1n era una &#8220;cobard\u00eda&#8221;<\/strong>\u00a0que no tendr\u00eda ning\u00fan efecto positivo.<\/p>\n<p><img decoding=\"async\" src=\"https:\/\/www.elimparcial.com\/__export\/1629279088938\/sites\/elimparcial\/img\/2021\/08\/18\/5cc8246afb9b151996470fcfcd00073ec64bce50_2.jpg_158021514.jpg\" alt=\"Kabul intenta recuperar la normalidad bajo el control talib\ufffdn EFE, EPA\" \/><\/p>\n<p>El presidente checo advierte tambi\u00e9n que\u00a0<strong>Estados Unidos han perdido su prestigio como l\u00edder mundial<\/strong>\u00a0al salir de Afganist\u00e1n y que lo ocurrido plantea dudas sobre la legitimidad de la existencia de la OTAN.<\/p>\n<p>De hecho, Zeman llega a decir que invertir en la Alianza en un &#8220;desperdicio de dinero&#8221; y que la Rep\u00fablica Checa deber\u00eda enfocar su gasto en la defensa nacional.<\/p>\n<p>Con informaci\u00f3n de El imparcial<\/p>\n","protected":false},"excerpt":{"rendered":"<p>El presidente Checo, Milos Zeman, asegur\u00f3 que los\u00a0talibanes establecer\u00e1n un centro terrorista\u00a0tras\u00a0su victor\u00eda en Afganist\u00e1n. Los talibanes lograr\u00f3n hacercese del control de Afganist\u00e1n luego de la retirada de las tropas\u00a0de la OTAN y de Estados Unidos\u00a0que se estaba prevista terminara el 31 de agosto. La comunidad internacional ha demostrado su preocupaci\u00f3n por el\u00a0cumplimiento de los &hellip;<\/p>\n","protected":false},"author":6,"featured_media":8864,"comment_status":"open","ping_status":"closed","sticky":false,"template":"","format":"standard","meta":[],"categories":[40],"tags":[2409,405,1529],"_links":{"self":[{"href":"https:\/\/www.elgrillitosuena.com\/inicio\/wp-json\/wp\/v2\/posts\/8863"}],"collection":[{"href":"https:\/\/www.elgrillitosuena.com\/inicio\/wp-json\/wp\/v2\/posts"}],"about":[{"href":"https:\/\/www.elgrillitosuena.com\/inicio\/wp-json\/wp\/v2\/types\/post"}],"author":[{"embeddable":true,"href":"https:\/\/www.elgrillitosuena.com\/inicio\/wp-json\/wp\/v2\/users\/6"}],"replies":[{"embeddable":true,"href":"https:\/\/www.elgrillitosuena.com\/inicio\/wp-json\/wp\/v2\/comments?post=8863"}],"version-history":[{"count":1,"href":"https:\/\/www.elgrillitosuena.com\/inicio\/wp-json\/wp\/v2\/posts\/8863\/revisions"}],"predecessor-version":[{"id":8865,"href":"https:\/\/www.elgrillitosuena.com\/inicio\/wp-json\/wp\/v2\/posts\/8863\/revisions\/8865"}],"wp:featuredmedia":[{"embeddable":true,"href":"https:\/\/www.elgrillitosuena.com\/inicio\/wp-json\/wp\/v2\/media\/8864"}],"wp:attachment":[{"href":"https:\/\/www.elgrillitosuena.com\/inicio\/wp-json\/wp\/v2\/media?parent=8863"}],"wp:term":[{"taxonomy":"category","embeddable":true,"href":"https:\/\/www.elgrillitosuena.com\/inicio\/wp-json\/wp\/v2\/categories?post=8863"},{"taxonomy":"post_tag","embeddable":true,"href":"https:\/\/www.elgrillitosuena.com\/inicio\/wp-json\/wp\/v2\/tags?post=8863"}],"curies":[{"name":"wp","href":"https:\/\/api.w.org\/{rel}","templated":true}]}}