{"id":8605,"date":"2021-08-10T16:36:59","date_gmt":"2021-08-10T16:36:59","guid":{"rendered":"https:\/\/www.elgrillitosuena.com\/inicio\/?p=8605"},"modified":"2021-08-10T16:36:59","modified_gmt":"2021-08-10T16:36:59","slug":"marcelo-ebrard-descarta-reapertura-fronteriza-para-el-21-de-agosto","status":"publish","type":"post","link":"https:\/\/www.elgrillitosuena.com\/inicio\/noticias\/mundo\/marcelo-ebrard-descarta-reapertura-fronteriza-para-el-21-de-agosto\/","title":{"rendered":"Marcelo Ebrard descarta reapertura fronteriza para el 21 de agosto"},"content":{"rendered":"<p><img decoding=\"async\" src=\"https:\/\/image.mty.telediario.mx\/sites\/default\/files\/styles\/article_highlight__2x_\/public\/border_3.jpg\" \/><\/p>\n<p>El canciller\u00a0<strong>Marcelo Ebrard Casaub\u00f3n descart\u00f3 que la reapertura de la frontera\u00a0<\/strong>terrestre entre M\u00e9xico y Estados Unidos se d\u00e9 el 21 de agosto.<\/p>\n<p><strong>Grupo Healy<\/strong>\u00a0pregunt\u00f3 durante la conferencia de prensa matutina sobre la posibilidad de que hoy se decida durante la reuni\u00f3n en Palacio Nacional con\u00a0<strong>Alejandro Mayorkas, secretario de Seguridad Nacional de Estados Unidos<\/strong>, reabrir la frontera para el 21 de agosto, cerrada de forma parcial desde el 20 de marzo de 2020.<\/p>\n<p><strong>El 21 de agosto lo ver\u00eda muy pronto, no creo que sea factible<\/strong>; ser\u00eda alimentar una expectativa que no tenemos fundamentos para decir que se va a llevar a cabo, no lo veo tan pr\u00f3ximo para el 21 de agosto\u201d, dijo.<\/p>\n<h2>Ebrard espera hoy indiquen\u00a0pasos a seguir para reapertura fronteriza<\/h2>\n<p><strong>Ebrard Casaub\u00f3n precis\u00f3 que espera que hoy Estados Unidos d\u00e9 una respuesta<\/strong>\u00a0sobre los pasos que se seguir\u00e1n para la reapertura fronteriza despu\u00e9s del 21 de agosto.<\/p>\n<p>\u201cPero s\u00ed\u00a0<strong>esperar\u00edamos que hoy nos dieran una respuesta de qu\u00e9 pasos se tomar\u00e1n para que lo m\u00e1s pronto posible<\/strong>, despu\u00e9s del 21 de agosto se pueda reactivar la econom\u00eda en la regi\u00f3n fronteriza\u201d, indic\u00f3.<\/p>\n<p>El canciller explic\u00f3 que\u00a0<strong>M\u00e9xico tiene argumentos tanto econ\u00f3micos, como en el avance de la vacunaci\u00f3n fronteriza<\/strong>, para hacerle ver la conveniencia al vecino del Norte de la reapertura.<\/p>\n<p><strong>M\u00e9xico tiene avance muy notable en la vacunaci\u00f3n tal cual lo dijo el Presidente<\/strong>, si no tuvi\u00e9semos esa vacunaci\u00f3n es muy dif\u00edcil que pidamos que se regularicen las circunstancias; inclusive en algunas ciudades estamos por \u00a0encima del promedio que ellos tienen\u2026tenemos buenos elementos tanto por el lado econ\u00f3mico comercial como por el lado de la cuesti\u00f3n de salud para que ellos consideren\u201d, explic\u00f3.<\/p>\n<p>Ebrard Casaub\u00f3n agreg\u00f3 que\u00a0<strong>hay dos modalidades para la reactivaci\u00f3n fronteriza.<\/strong><\/p>\n<p>\u201cEllos sabr\u00e1n si cambiando actividades esenciales o lo van \u00a0hacer de otra forma.\u00a0<strong>El que venga el secretario Mayorkas da la posibilidad de hablar directamente<\/strong>\u00a0con el titular, el responsable y vamos a aprovechar la reuni\u00f3n para plantearle estos elementos\u201d, dijo.<\/p>\n<p>El presidente\u00a0<strong>Andr\u00e9s Manuel L\u00f3pez Obrador indic\u00f3 que Kamala Harris, vicepresidenta de Estados Unidos<\/strong> coincidi\u00f3 durante la llamada que sostuvieron ayer, en la importancia de la reapertura fronteriza.<\/p>\n<p>\u201cYo le trat\u00e9 el tema,\u00a0<strong>hablamos de la vacunaci\u00f3n y de la importancia de abrir la frontera,<\/strong>\u00a0que nos interesa mucho y ella la vicepresidenta Kamala Harris coincidi\u00f3, me expres\u00f3, que tambi\u00e9n a ellos les importa el que se abra por completo la frontera, pero que se tiene que ver algunos asuntos\u201d, dijo.<\/p>\n<p>L\u00f3pez Obrador precis\u00f3 que not\u00f3 \u201cque\u00a0<strong>hay voluntad de parte de ellos, no hay la decisi\u00f3n de cerrar o de mantener abierta<\/strong>\u00a0s\u00f3lo parcialmente la frontera, no s\u00f3lo para cuestiones b\u00e1sicas fundamentales, lo expres\u00f3 fue una muy buena conversaci\u00f3n\u201d.<\/p>\n<p><strong>La conversaci\u00f3n telef\u00f3nica fue \u201ccomo una introducci\u00f3n, como un pr\u00f3logo a la reuni\u00f3n de hoy, donde se van a ver los asuntos<\/strong>\u00a0a detalle y hoy mismo se va a informar terminando la reuni\u00f3n\u201d.<\/p>\n","protected":false},"excerpt":{"rendered":"<p>El canciller\u00a0Marcelo Ebrard Casaub\u00f3n descart\u00f3 que la reapertura de la frontera\u00a0terrestre entre M\u00e9xico y Estados Unidos se d\u00e9 el 21 de agosto. Grupo Healy\u00a0pregunt\u00f3 durante la conferencia de prensa matutina sobre la posibilidad de que hoy se decida durante la reuni\u00f3n en Palacio Nacional con\u00a0Alejandro Mayorkas, secretario de Seguridad Nacional de Estados Unidos, reabrir la &hellip;<\/p>\n","protected":false},"author":6,"featured_media":8606,"comment_status":"open","ping_status":"closed","sticky":false,"template":"","format":"standard","meta":[],"categories":[40],"tags":[405,2298,245,156],"_links":{"self":[{"href":"https:\/\/www.elgrillitosuena.com\/inicio\/wp-json\/wp\/v2\/posts\/8605"}],"collection":[{"href":"https:\/\/www.elgrillitosuena.com\/inicio\/wp-json\/wp\/v2\/posts"}],"about":[{"href":"https:\/\/www.elgrillitosuena.com\/inicio\/wp-json\/wp\/v2\/types\/post"}],"author":[{"embeddable":true,"href":"https:\/\/www.elgrillitosuena.com\/inicio\/wp-json\/wp\/v2\/users\/6"}],"replies":[{"embeddable":true,"href":"https:\/\/www.elgrillitosuena.com\/inicio\/wp-json\/wp\/v2\/comments?post=8605"}],"version-history":[{"count":1,"href":"https:\/\/www.elgrillitosuena.com\/inicio\/wp-json\/wp\/v2\/posts\/8605\/revisions"}],"predecessor-version":[{"id":8607,"href":"https:\/\/www.elgrillitosuena.com\/inicio\/wp-json\/wp\/v2\/posts\/8605\/revisions\/8607"}],"wp:featuredmedia":[{"embeddable":true,"href":"https:\/\/www.elgrillitosuena.com\/inicio\/wp-json\/wp\/v2\/media\/8606"}],"wp:attachment":[{"href":"https:\/\/www.elgrillitosuena.com\/inicio\/wp-json\/wp\/v2\/media?parent=8605"}],"wp:term":[{"taxonomy":"category","embeddable":true,"href":"https:\/\/www.elgrillitosuena.com\/inicio\/wp-json\/wp\/v2\/categories?post=8605"},{"taxonomy":"post_tag","embeddable":true,"href":"https:\/\/www.elgrillitosuena.com\/inicio\/wp-json\/wp\/v2\/tags?post=8605"}],"curies":[{"name":"wp","href":"https:\/\/api.w.org\/{rel}","templated":true}]}}