{"id":8525,"date":"2021-08-09T15:34:28","date_gmt":"2021-08-09T15:34:28","guid":{"rendered":"https:\/\/www.elgrillitosuena.com\/inicio\/?p=8525"},"modified":"2021-08-09T15:34:28","modified_gmt":"2021-08-09T15:34:28","slug":"aunque-se-reduzca-el-calentamiento-global-glaciares-seguiran-perdiendo-superficie-helada-ipcc","status":"publish","type":"post","link":"https:\/\/www.elgrillitosuena.com\/inicio\/noticias\/mundo\/aunque-se-reduzca-el-calentamiento-global-glaciares-seguiran-perdiendo-superficie-helada-ipcc\/","title":{"rendered":"Aunque se reduzca el calentamiento global glaciares seguir\u00e1n perdiendo superficie helada: IPCC"},"content":{"rendered":"<p><img decoding=\"async\" src=\"https:\/\/salumtravel.tur.ar\/wp-content\/uploads\/Todo-Glaciares-6-min-scaled.jpg\" \/><\/p>\n<p>La superficie helada de los glaciares de todas las regiones polares se perdi\u00f3 desde el 2000, situaci\u00f3n que continuar\u00e1 durante los siguientes aunque la\u00a0<strong>temperatura global\u00a0<\/strong>se estabilice.<\/p>\n<p>As\u00ed lo recoge el nuevo informe presentado hoy por el\u00a0<strong>Grupo Intergubernamental de Expertos en Cambio Clim\u00e1tico\u00a0<\/strong>(IPCC, por sus siglas en ingl\u00e9s) de\u00a0<strong>Naciones Unidas<\/strong>, que se\u00f1ala que las dos principales capas de hielo -Groenlandia y la Ant\u00e1rtida- han estado perdiendo masa desde al menos 1990, con la mayor tasa de p\u00e9rdida durante 2010-2019, y se prev\u00e9 que sigan perdiendo.<\/p>\n<div id=\"div-gpt-ad-1557181340652-0\" data-google-query-id=\"CJLV2PWgpPICFSuQwAodeiYOzw\">\n<p>Las temperaturas medias anuales del aire en superficie y las precipitaciones seguir\u00e1n aumentando durante el siglo XXI bajo todos los escenarios de emisiones evaluados en ambas regiones polares.<\/p>\n<p>Existe una &#8220;alta confianza&#8221; en que la precipitaci\u00f3n media y la intensidad de la precipitaci\u00f3n aumentar\u00e1n: se prev\u00e9 que el \u00c1rtico est\u00e9 dominado por las precipitaciones y en la Ant\u00e1rtida las precipitaciones aumentar\u00e1n en las regiones costeras.<\/p>\n<p>Con informaci\u00f3n de El imparcial<\/p>\n<\/div>\n","protected":false},"excerpt":{"rendered":"<p>La superficie helada de los glaciares de todas las regiones polares se perdi\u00f3 desde el 2000, situaci\u00f3n que continuar\u00e1 durante los siguientes aunque la\u00a0temperatura global\u00a0se estabilice. As\u00ed lo recoge el nuevo informe presentado hoy por el\u00a0Grupo Intergubernamental de Expertos en Cambio Clim\u00e1tico\u00a0(IPCC, por sus siglas en ingl\u00e9s) de\u00a0Naciones Unidas, que se\u00f1ala que las dos principales &hellip;<\/p>\n","protected":false},"author":6,"featured_media":8526,"comment_status":"open","ping_status":"closed","sticky":false,"template":"","format":"standard","meta":[],"categories":[40],"tags":[239,2270,2271],"_links":{"self":[{"href":"https:\/\/www.elgrillitosuena.com\/inicio\/wp-json\/wp\/v2\/posts\/8525"}],"collection":[{"href":"https:\/\/www.elgrillitosuena.com\/inicio\/wp-json\/wp\/v2\/posts"}],"about":[{"href":"https:\/\/www.elgrillitosuena.com\/inicio\/wp-json\/wp\/v2\/types\/post"}],"author":[{"embeddable":true,"href":"https:\/\/www.elgrillitosuena.com\/inicio\/wp-json\/wp\/v2\/users\/6"}],"replies":[{"embeddable":true,"href":"https:\/\/www.elgrillitosuena.com\/inicio\/wp-json\/wp\/v2\/comments?post=8525"}],"version-history":[{"count":1,"href":"https:\/\/www.elgrillitosuena.com\/inicio\/wp-json\/wp\/v2\/posts\/8525\/revisions"}],"predecessor-version":[{"id":8527,"href":"https:\/\/www.elgrillitosuena.com\/inicio\/wp-json\/wp\/v2\/posts\/8525\/revisions\/8527"}],"wp:featuredmedia":[{"embeddable":true,"href":"https:\/\/www.elgrillitosuena.com\/inicio\/wp-json\/wp\/v2\/media\/8526"}],"wp:attachment":[{"href":"https:\/\/www.elgrillitosuena.com\/inicio\/wp-json\/wp\/v2\/media?parent=8525"}],"wp:term":[{"taxonomy":"category","embeddable":true,"href":"https:\/\/www.elgrillitosuena.com\/inicio\/wp-json\/wp\/v2\/categories?post=8525"},{"taxonomy":"post_tag","embeddable":true,"href":"https:\/\/www.elgrillitosuena.com\/inicio\/wp-json\/wp\/v2\/tags?post=8525"}],"curies":[{"name":"wp","href":"https:\/\/api.w.org\/{rel}","templated":true}]}}