{"id":8495,"date":"2021-08-06T15:45:54","date_gmt":"2021-08-06T15:45:54","guid":{"rendered":"https:\/\/www.elgrillitosuena.com\/inicio\/?p=8495"},"modified":"2021-08-06T15:45:54","modified_gmt":"2021-08-06T15:45:54","slug":"yo-tengo-otros-datos-amlo-rechaza-cifras-de-coneval-que-revelan-aumento-de-pobreza","status":"publish","type":"post","link":"https:\/\/www.elgrillitosuena.com\/inicio\/noticias\/mexico\/yo-tengo-otros-datos-amlo-rechaza-cifras-de-coneval-que-revelan-aumento-de-pobreza\/","title":{"rendered":"\u201cYo tengo otros datos\u201d AMLO rechaza cifras de Coneval que revelan aumento de pobreza"},"content":{"rendered":"<p><img decoding=\"async\" src=\"https:\/\/www.radioformula.com.mx\/wp-content\/uploads\/2021\/08\/pobreza-amlo-coneval-tiene-otros-datos-pobreza-780x470.jpg\" alt=\"AMLO dice tener &quot;otros datos&quot; de pobreza en el pa\u00eds\" \/><\/p>\n<p>El presidente\u00a0<span class=\"css-901oao css-16my406 r-poiln3 r-bcqeeo r-qvutc0\">Andr\u00e9s Manuel L\u00f3pez Obrador (<strong>AMLO<\/strong>) afirm\u00f3 que\u00a0<\/span>\u201c<span class=\"css-901oao css-16my406 r-poiln3 r-bcqeeo r-qvutc0\">tiene\u00a0<strong>otros datos<\/strong>\u201d y no acepta el estudio de Coneval, q<\/span><span class=\"css-901oao css-16my406 r-poiln3 r-bcqeeo r-qvutc0\">ue muestra aument\u00f3 de poblaci\u00f3n en situaci\u00f3n de<strong>\u00a0pobreza<\/strong>\u00a0en el pa\u00eds de 2018 a 2020.<br \/>\n<\/span><\/p>\n<p>El Consejo Nacional de Evaluaci\u00f3n de la Pol\u00edtica de Desarrollo Social (<strong>Coneval<\/strong>) inform\u00f3 este jueves que entre 2018 y 2020 el porcentaje de la poblaci\u00f3n en situaci\u00f3n de pobreza a nivel nacional aument\u00f3 de 41.9% a 43.9%, es decir, la\u00a0<strong>poblaci\u00f3n<\/strong>\u00a0<strong>pobre<\/strong>\u00a0pas\u00f3 de 51.9 a 55.7 millones de personas.<\/p>\n<p>Desde Baja California Sur, donde realiz\u00f3 su conferencia de prensa este viernes 6 de agosto, el mandatario resalt\u00f3 que dichos resultados de pobreza son producto de la<strong>\u00a0crisis sanitaria<\/strong>\u00a0y de la crisis econ\u00f3mica que deriv\u00f3 por la\u00a0<strong>pandemia de COVID-19.<\/strong><\/p>\n<p><span class=\"css-901oao css-16my406 r-poiln3 r-bcqeeo r-qvutc0\">\u201cEs producto de la crisis sanitaria y de la crisis econ\u00f3mica, que le afect\u00f3 mucho a ciertos sectores, afect\u00f3 en general. La econom\u00eda el a\u00f1o pasado se cay\u00f3 8.5%, \u00bfsabes desde cu\u00e1ndo no ocurr\u00eda eso? Desde 1930, casi 100 a\u00f1os que no se padec\u00eda una crisis as\u00ed\u201d, advirti\u00f3 el mandatario.<\/span><\/p>\n<p>Adem\u00e1s, reiter\u00f3 que s\u00ed funciona la<strong>\u00a0pol\u00edtica de Bienestar<\/strong>\u00a0del Gobierno Federal, pues \u201ces lo mejor que se ha tenido en la historia del pa\u00eds, por lo que -asegur\u00f3- la gente est\u00e1 saliendo adelante porque tienen para su consumo b\u00e1sico gracias a dichos apoyos.<\/p>\n<p>\u201cLa pol\u00edtica de Bienestar que se est\u00e1 aplicando en este gobierno, es el distintivo de la 4T, nunca se hab\u00eda apoyado tanto a los pobres, como ahora. ..A<span class=\"css-901oao css-16my406 r-poiln3 r-bcqeeo r-qvutc0\">nte la pandemia, la gente tiene para su consumo b\u00e1sico y algo importante: no ha perdido la fe. Estamos saliendo adelante\u201d, mencion\u00f3.<\/span><\/p>\n<p>Con informaci\u00f3n de Radio Formula<\/p>\n<p>&nbsp;<\/p>\n","protected":false},"excerpt":{"rendered":"<p>El presidente\u00a0Andr\u00e9s Manuel L\u00f3pez Obrador (AMLO) afirm\u00f3 que\u00a0\u201ctiene\u00a0otros datos\u201d y no acepta el estudio de Coneval, que muestra aument\u00f3 de poblaci\u00f3n en situaci\u00f3n de\u00a0pobreza\u00a0en el pa\u00eds de 2018 a 2020. El Consejo Nacional de Evaluaci\u00f3n de la Pol\u00edtica de Desarrollo Social (Coneval) inform\u00f3 este jueves que entre 2018 y 2020 el porcentaje de la poblaci\u00f3n &hellip;<\/p>\n","protected":false},"author":6,"featured_media":8496,"comment_status":"open","ping_status":"closed","sticky":false,"template":"","format":"standard","meta":[],"categories":[39],"tags":[98,2254,2255],"_links":{"self":[{"href":"https:\/\/www.elgrillitosuena.com\/inicio\/wp-json\/wp\/v2\/posts\/8495"}],"collection":[{"href":"https:\/\/www.elgrillitosuena.com\/inicio\/wp-json\/wp\/v2\/posts"}],"about":[{"href":"https:\/\/www.elgrillitosuena.com\/inicio\/wp-json\/wp\/v2\/types\/post"}],"author":[{"embeddable":true,"href":"https:\/\/www.elgrillitosuena.com\/inicio\/wp-json\/wp\/v2\/users\/6"}],"replies":[{"embeddable":true,"href":"https:\/\/www.elgrillitosuena.com\/inicio\/wp-json\/wp\/v2\/comments?post=8495"}],"version-history":[{"count":1,"href":"https:\/\/www.elgrillitosuena.com\/inicio\/wp-json\/wp\/v2\/posts\/8495\/revisions"}],"predecessor-version":[{"id":8497,"href":"https:\/\/www.elgrillitosuena.com\/inicio\/wp-json\/wp\/v2\/posts\/8495\/revisions\/8497"}],"wp:featuredmedia":[{"embeddable":true,"href":"https:\/\/www.elgrillitosuena.com\/inicio\/wp-json\/wp\/v2\/media\/8496"}],"wp:attachment":[{"href":"https:\/\/www.elgrillitosuena.com\/inicio\/wp-json\/wp\/v2\/media?parent=8495"}],"wp:term":[{"taxonomy":"category","embeddable":true,"href":"https:\/\/www.elgrillitosuena.com\/inicio\/wp-json\/wp\/v2\/categories?post=8495"},{"taxonomy":"post_tag","embeddable":true,"href":"https:\/\/www.elgrillitosuena.com\/inicio\/wp-json\/wp\/v2\/tags?post=8495"}],"curies":[{"name":"wp","href":"https:\/\/api.w.org\/{rel}","templated":true}]}}