{"id":8294,"date":"2021-07-30T16:04:07","date_gmt":"2021-07-30T16:04:07","guid":{"rendered":"https:\/\/www.elgrillitosuena.com\/inicio\/?p=8294"},"modified":"2021-07-30T16:04:07","modified_gmt":"2021-07-30T16:04:07","slug":"amlo-asegura-tener-tener-su-conciencia-tranquila-sobre-liberacion-del-hijo-de-el-chapo-guzman","status":"publish","type":"post","link":"https:\/\/www.elgrillitosuena.com\/inicio\/noticias\/mexico\/amlo-asegura-tener-tener-su-conciencia-tranquila-sobre-liberacion-del-hijo-de-el-chapo-guzman\/","title":{"rendered":"AMLO asegura tener tener su conciencia tranquila, sobre liberaci\u00f3n del hijo de &#8220;El Chapo&#8221; Guzm\u00e1n"},"content":{"rendered":"<p><img decoding=\"async\" src=\"https:\/\/heraldodemexico.com.mx\/u\/fotografias\/m\/2021\/7\/30\/f960x540-402367_476442_0.jpg\" alt=\"El presidente L\u00f3pez Obrador llev\u00f3 a cabo su conferencia matutina desde Sinaloa. Foto: Archivo\" \/><\/p>\n<p>Si no hubiera liberado a\u00a0<strong>Ovidio Guzm\u00e1n<\/strong>, hijo de\u00a0<strong>Joaqu\u00edn &#8220;Chapo&#8221; Guzm\u00e1n<\/strong>, hubieran perdido la vida 200 inocentes, en ese sentido reiter\u00f3 que tiene la conciencia tranquila.<\/p>\n<p>En en octubre de 2019, fue detenido en un operativo en esta ciudad\u00a0<strong>Ovidio Guzm\u00e1n<\/strong>, pero ante movilizaciones y amenazas del\u00a0<strong>C\u00e1rtel del Pac\u00edfico<\/strong>, fue liberado por \u00f3rdenes del propio presidente de la Rep\u00fablica.<\/p>\n<p>Este viernes, en la ma\u00f1anera, en\u00a0<strong>Sinaloa<\/strong>, explic\u00f3 que, de acuerdo a la informaci\u00f3n que le proporcionaron, estaba en riesgo la vida de m\u00e1s de 200 personas y critic\u00f3 a sus opositores y fascistoides, que promuven por resolver cualquier conflicto con el uso de la violencia.<\/p>\n<p>&#8220;Por eso nos criticaron tambi\u00e9n mucho cuando se dio la orden de dejar en libertad al hijo de Guzm\u00e1n Loera aqu\u00ed en Culiac\u00e1n.<\/p>\n<p>&#8220;Yo tom\u00e9 la decisi\u00f3n, \u00bfpor qu\u00e9?, no quisimos arriesgar al pueblo, no queremos la violencia y esto no lo entienden los autoritarios fascistoides, quisieron resolver todo con el uso de la violencia y todav\u00eda hay quien en cuestionan, pues tengo mi conciencia tranquila, porque cuando ped\u00ed el informe de lo que pudo haber sucedido iban a perder la vida m\u00e1s de 200 inocentes, seg\u00fan la estimaci\u00f3n que se hizo en ese momento y dije no\u201d, dijo.<\/p>\n<p>El mandatario agreg\u00f3 que las\u00a0<strong>Fuerzas Armadas<\/strong>, durante su gobierno, se han capacitado en materia de derechos humanos, adem\u00e1s de que ya se termin\u00f3 con la orden de \u201cm\u00e1talos en caliente\u201d.<\/p>\n<p>Con informaci\u00f3n de Heraldo de M\u00e9xico<\/p>\n","protected":false},"excerpt":{"rendered":"<p>Si no hubiera liberado a\u00a0Ovidio Guzm\u00e1n, hijo de\u00a0Joaqu\u00edn &#8220;Chapo&#8221; Guzm\u00e1n, hubieran perdido la vida 200 inocentes, en ese sentido reiter\u00f3 que tiene la conciencia tranquila. En en octubre de 2019, fue detenido en un operativo en esta ciudad\u00a0Ovidio Guzm\u00e1n, pero ante movilizaciones y amenazas del\u00a0C\u00e1rtel del Pac\u00edfico, fue liberado por \u00f3rdenes del propio presidente de &hellip;<\/p>\n","protected":false},"author":6,"featured_media":8295,"comment_status":"open","ping_status":"closed","sticky":false,"template":"","format":"standard","meta":[],"categories":[39],"tags":[1230,2164,2166,2165],"_links":{"self":[{"href":"https:\/\/www.elgrillitosuena.com\/inicio\/wp-json\/wp\/v2\/posts\/8294"}],"collection":[{"href":"https:\/\/www.elgrillitosuena.com\/inicio\/wp-json\/wp\/v2\/posts"}],"about":[{"href":"https:\/\/www.elgrillitosuena.com\/inicio\/wp-json\/wp\/v2\/types\/post"}],"author":[{"embeddable":true,"href":"https:\/\/www.elgrillitosuena.com\/inicio\/wp-json\/wp\/v2\/users\/6"}],"replies":[{"embeddable":true,"href":"https:\/\/www.elgrillitosuena.com\/inicio\/wp-json\/wp\/v2\/comments?post=8294"}],"version-history":[{"count":1,"href":"https:\/\/www.elgrillitosuena.com\/inicio\/wp-json\/wp\/v2\/posts\/8294\/revisions"}],"predecessor-version":[{"id":8296,"href":"https:\/\/www.elgrillitosuena.com\/inicio\/wp-json\/wp\/v2\/posts\/8294\/revisions\/8296"}],"wp:featuredmedia":[{"embeddable":true,"href":"https:\/\/www.elgrillitosuena.com\/inicio\/wp-json\/wp\/v2\/media\/8295"}],"wp:attachment":[{"href":"https:\/\/www.elgrillitosuena.com\/inicio\/wp-json\/wp\/v2\/media?parent=8294"}],"wp:term":[{"taxonomy":"category","embeddable":true,"href":"https:\/\/www.elgrillitosuena.com\/inicio\/wp-json\/wp\/v2\/categories?post=8294"},{"taxonomy":"post_tag","embeddable":true,"href":"https:\/\/www.elgrillitosuena.com\/inicio\/wp-json\/wp\/v2\/tags?post=8294"}],"curies":[{"name":"wp","href":"https:\/\/api.w.org\/{rel}","templated":true}]}}