{"id":8249,"date":"2021-07-29T15:48:23","date_gmt":"2021-07-29T15:48:23","guid":{"rendered":"https:\/\/www.elgrillitosuena.com\/inicio\/?p=8249"},"modified":"2021-07-29T15:48:23","modified_gmt":"2021-07-29T15:48:23","slug":"regreso-a-clases-amlo-ataca-a-quienes-no-quieren-volver-a-las-escuelas-es-por-intereses-o-desconocimiento","status":"publish","type":"post","link":"https:\/\/www.elgrillitosuena.com\/inicio\/noticias\/mexico\/regreso-a-clases-amlo-ataca-a-quienes-no-quieren-volver-a-las-escuelas-es-por-intereses-o-desconocimiento\/","title":{"rendered":"Regreso a clases: AMLO ataca a quienes no quieren volver a las escuelas, &#8220;es por intereses o desconocimiento&#8221;"},"content":{"rendered":"<p><img decoding=\"async\" src=\"https:\/\/heraldodemexico.com.mx\/u\/fotografias\/m\/2021\/7\/15\/f960x540-396509_470584_15.jpg\" alt=\"L\u00f3pez Obrador mantiene su postura de regresar a clases presenciales en M\u00e9xico \nFOTO: Yadin Xolalpa\" \/><\/p>\n<p>Durante la\u00a0<a href=\"https:\/\/heraldodemexico.com.mx\/nacional\/2021\/7\/29\/la-mananera-de-amlo-conoce-los-temas-de-hoy-jueves-29-de-julio-2021-320704.html\"><strong>Conferencia Ma\u00f1anera<\/strong><\/a>\u00a0de Palacio Nacional, el presidente\u00a0<strong>L\u00f3pez Obrador<\/strong>\u00a0dijo que no entiende a quienes no concuerdan con la idea de regresar a clases presenciales en nuestro pa\u00eds.<\/p>\n<p>El titular del Ejecutivo dijo que es indispensable que los ni\u00f1os y adolescentes regresen a las aulas: &#8220;No s\u00e9 si es por intereses creados o por desconocimiento del da\u00f1o que se causa al no tener clases presenciales, pero hay gente que sigue diciendo que no&#8221;, dijo el presidente.<\/p>\n<p><strong>L\u00f3pez Obrador<\/strong>\u00a0habl\u00f3 sobre una encuesta que recibi\u00f3 de su equipo, en donde la mayor\u00eda de la gente (m\u00e1s del 60 por ciento) no quer\u00eda que se regresara a las aulas. Para defender su postura, argument\u00f3 que Bangadesh y\u00a0<strong>M\u00e9xico\u00a0<\/strong>son los pa\u00edses que llevan\u00a0m\u00e1s tiempo con las escuelas cerradas y que ya es tiempo de volver a abrirlas.<\/p>\n<p>&#8220;No me importa que la mayor\u00eda est\u00e9 pensando en no regresar. Voy a sostener que es indispensable que los ni\u00f1os y adolescentes regresen a clases&#8221;, reiter\u00f3 el mandatario federal.<\/p>\n<p>Tambi\u00e9n inform\u00f3 que la pr\u00f3xima semana estar\u00e1 la secretaria de Educaci\u00f3n P\u00fablica,\u00a0<a href=\"https:\/\/heraldodemexico.com.mx\/nacional\/2021\/7\/28\/sep-desmiente-que-delfina-gomez-tenga-covid-19-esta-bien-trabajando-320288.html\"><strong>Delfina G\u00f3mez<\/strong><\/a>, para hablar de la educaci\u00f3n en peque\u00f1as comunidades y el modo en el que se reactivar\u00e1n las clases presenciales, programadas para el 30 de agosto de este a\u00f1o.<\/p>\n<div class=\"epyt-video-wrapper\"><iframe loading=\"lazy\"  id=\"_ytid_80282\"  width=\"618\" height=\"347\"  data-origwidth=\"618\" data-origheight=\"347\"  data-relstop=\"1\" src=\"https:\/\/www.youtube.com\/embed\/TILr6yYJHuc?enablejsapi=1&#038;autoplay=0&#038;cc_load_policy=0&#038;cc_lang_pref=&#038;iv_load_policy=1&#038;loop=0&#038;modestbranding=0&#038;rel=0&#038;fs=1&#038;playsinline=0&#038;autohide=2&#038;theme=dark&#038;color=red&#038;controls=1&#038;\" class=\"__youtube_prefs__  epyt-is-override  no-lazyload\" title=\"YouTube player\"  allow=\"accelerometer; autoplay; clipboard-write; encrypted-media; gyroscope; picture-in-picture\" allowfullscreen data-no-lazy=\"1\" data-skipgform_ajax_framebjll=\"\"><\/iframe><\/div>\n<p>Con informaci\u00f3n de Heraldo de M\u00e9xico<\/p>\n","protected":false},"excerpt":{"rendered":"<p>Durante la\u00a0Conferencia Ma\u00f1anera\u00a0de Palacio Nacional, el presidente\u00a0L\u00f3pez Obrador\u00a0dijo que no entiende a quienes no concuerdan con la idea de regresar a clases presenciales en nuestro pa\u00eds. El titular del Ejecutivo dijo que es indispensable que los ni\u00f1os y adolescentes regresen a las aulas: &#8220;No s\u00e9 si es por intereses creados o por desconocimiento del da\u00f1o &hellip;<\/p>\n","protected":false},"author":6,"featured_media":8250,"comment_status":"open","ping_status":"closed","sticky":false,"template":"","format":"standard","meta":[],"categories":[39],"tags":[98,232,685],"_links":{"self":[{"href":"https:\/\/www.elgrillitosuena.com\/inicio\/wp-json\/wp\/v2\/posts\/8249"}],"collection":[{"href":"https:\/\/www.elgrillitosuena.com\/inicio\/wp-json\/wp\/v2\/posts"}],"about":[{"href":"https:\/\/www.elgrillitosuena.com\/inicio\/wp-json\/wp\/v2\/types\/post"}],"author":[{"embeddable":true,"href":"https:\/\/www.elgrillitosuena.com\/inicio\/wp-json\/wp\/v2\/users\/6"}],"replies":[{"embeddable":true,"href":"https:\/\/www.elgrillitosuena.com\/inicio\/wp-json\/wp\/v2\/comments?post=8249"}],"version-history":[{"count":1,"href":"https:\/\/www.elgrillitosuena.com\/inicio\/wp-json\/wp\/v2\/posts\/8249\/revisions"}],"predecessor-version":[{"id":8251,"href":"https:\/\/www.elgrillitosuena.com\/inicio\/wp-json\/wp\/v2\/posts\/8249\/revisions\/8251"}],"wp:featuredmedia":[{"embeddable":true,"href":"https:\/\/www.elgrillitosuena.com\/inicio\/wp-json\/wp\/v2\/media\/8250"}],"wp:attachment":[{"href":"https:\/\/www.elgrillitosuena.com\/inicio\/wp-json\/wp\/v2\/media?parent=8249"}],"wp:term":[{"taxonomy":"category","embeddable":true,"href":"https:\/\/www.elgrillitosuena.com\/inicio\/wp-json\/wp\/v2\/categories?post=8249"},{"taxonomy":"post_tag","embeddable":true,"href":"https:\/\/www.elgrillitosuena.com\/inicio\/wp-json\/wp\/v2\/tags?post=8249"}],"curies":[{"name":"wp","href":"https:\/\/api.w.org\/{rel}","templated":true}]}}