{"id":8246,"date":"2021-07-29T15:33:47","date_gmt":"2021-07-29T15:33:47","guid":{"rendered":"https:\/\/www.elgrillitosuena.com\/inicio\/?p=8246"},"modified":"2021-07-29T15:33:47","modified_gmt":"2021-07-29T15:33:47","slug":"de-regreso-a-mexico-llegaran-800-bienes-de-tenochtitlan","status":"publish","type":"post","link":"https:\/\/www.elgrillitosuena.com\/inicio\/noticias\/cultura\/de-regreso-a-mexico-llegaran-800-bienes-de-tenochtitlan\/","title":{"rendered":"De regreso a M\u00e9xico: Llegar\u00e1n 800 bienes de Tenochtitlan"},"content":{"rendered":"<p><img decoding=\"async\" src=\"https:\/\/i.pinimg.com\/736x\/70\/8e\/79\/708e79febc6a11f6443a25a145b90b97--mexico-los.jpg\" \/><\/p>\n<p><strong>En el 500 aniversario de la conquista de Tenochtitlan, M\u00e9xico recuperar\u00e1, ya sea temporalmente o por repatriaci\u00f3n, parte del patrimonio que ha perdido a lo largo de su historia.<\/strong>\u00a0Este a\u00f1o, anunci\u00f3 el director del INAH Diego Prieto, ser\u00e1n restituidas al pa\u00eds m\u00e1s de 750 piezas arqueol\u00f3gicas procedentes de pa\u00edses como Italia, Alemania, Francia, Estados Unidos, Suecia, Canad\u00e1 y Estados Unidos.<\/p>\n<p>Adicionalmente, dijo, M\u00e9xico ha logrado que museos e instituciones de los mismos pa\u00edses, e incluidos los Museos Vaticanos, concedan el &#8220;traslado temporal&#8221; de al menos 53 piezas, entre documentos, objetos arqueol\u00f3gicos, etnol\u00f3gicos, virreinales, e incluso un meteorito, que formar\u00e1n parte de la magna exposici\u00f3n &#8220;<strong>M\u00e9xico diverso, territorio, culturas y civilizaciones&#8221;,\u00a0<\/strong>que ser\u00e1 inaugurada el 27 de septiembre pr\u00f3ximo, en el Museo Nacional de Antropolog\u00eda.<\/p>\n<p>Sobre las piezas repatriados, el funcionario se\u00f1al\u00f3, &#8220;muchas ya est\u00e1n en consulados, embajadas&#8230;\u00a0 lo que estamos haciendo, con el apoyo de Secretar\u00eda de Relaciones Exteriores y de la Secretar\u00eda de Cultura, es alistar los traslados de estas piezas. Algunas vienen de Italia, de hecho se hizo ya el anuncio,\u00a0<strong>otras de Alemania, alrededor de 60 que particulares entregaron de manera voluntaria, de Francia, de Estados Unidos, de Canad\u00e1 y de Suecia&#8221;.<\/strong><\/p>\n<p><strong>Respecto a las piezas que ser\u00e1n trasladadas temporalmente a M\u00e9xico, llegar\u00e1n &#8220;hacia la segunda quincena o finales de agosto o a principios de septiembre.\u00a0<\/strong>Algunos son documentos, otras son piezas arqueol\u00f3gicas, hay algunas piezas etnol\u00f3gicas, de una antig\u00fcedad centenaria, otros son bienes de arte plumario, del periodo virreinal y hay un meteorito, de San Luis Potos\u00ed, que se llev\u00f3 el general Bazaine con la invasi\u00f3n francesa y que pertenece al Museo de Historia Natural en Par\u00eds&#8221;,\u00a0 dijo, aunque descart\u00f3 el traslado del Penacho de Moctezuma, que se encuentra en Viena.<\/p>\n<p>Prieto particip\u00f3 en el anuncio de la serie televisiva &#8220;Grandeza de M\u00e9xico: Tenochtitlan, 500 a\u00f1os \/ 200 a\u00f1os de la Consumaci\u00f3n de la Independencia&#8221;, que a partir de este viernes se transmitir\u00e1 en el Canal Catorce y otras se\u00f1ales p\u00fablicas.<strong>\u00a0El trabajo f\u00edlmico, integrado de 12 cap\u00edtulos (ocho dedicados a la conquista y cuatro a la Independencia),\u00a0<\/strong>busca derribar mitos como la supuesta traici\u00f3n de Malintzin, la cobard\u00eda que de ha atribuido a Moctezuma II o la idea de que 600 espa\u00f1oles derrotaron al poderoso ej\u00e9rcito azteca.<\/p>\n<p><strong>La serie televisiva, que comenzar\u00e1 transmisiones el viernes a las 19:30 horas, cont\u00f3 con la participaci\u00f3n de una treintena de investigadores<\/strong>, bajo la supervisi\u00f3n de los especialistas Patricia Ledesma, Salvador Rueda Smithers y Delia Salazar Anaya, y mostrar\u00e1 los \u00faltimos resultados arqueol\u00f3gicos e hist\u00f3ricos en torno a las efem\u00e9rides.<\/p>\n<h2><strong>Elementos<\/strong><\/h2>\n<ul>\n<li>Entre los festejos de este a\u00f1o tambi\u00e9n se contempla una exposici\u00f3n en el Museo del Templo Mayor<\/li>\n<li>Se habilitar\u00e1n adem\u00e1s algunas ventanas arqueol\u00f3gicos del centro Hist\u00f3rico de la CDMX.<\/li>\n<li>750 piezas ser\u00e1n repatriados en 2021<\/li>\n<li>53 objetos ser\u00e1n trasladados temporalmente a M\u00e9xico<\/li>\n<\/ul>\n<p>Con informaci\u00f3n de Heraldo de M\u00e9xico<\/p>\n","protected":false},"excerpt":{"rendered":"<p>En el 500 aniversario de la conquista de Tenochtitlan, M\u00e9xico recuperar\u00e1, ya sea temporalmente o por repatriaci\u00f3n, parte del patrimonio que ha perdido a lo largo de su historia.\u00a0Este a\u00f1o, anunci\u00f3 el director del INAH Diego Prieto, ser\u00e1n restituidas al pa\u00eds m\u00e1s de 750 piezas arqueol\u00f3gicas procedentes de pa\u00edses como Italia, Alemania, Francia, Estados Unidos, &hellip;<\/p>\n","protected":false},"author":6,"featured_media":8247,"comment_status":"open","ping_status":"closed","sticky":false,"template":"","format":"standard","meta":[],"categories":[43],"tags":[740,156,2144,1705],"_links":{"self":[{"href":"https:\/\/www.elgrillitosuena.com\/inicio\/wp-json\/wp\/v2\/posts\/8246"}],"collection":[{"href":"https:\/\/www.elgrillitosuena.com\/inicio\/wp-json\/wp\/v2\/posts"}],"about":[{"href":"https:\/\/www.elgrillitosuena.com\/inicio\/wp-json\/wp\/v2\/types\/post"}],"author":[{"embeddable":true,"href":"https:\/\/www.elgrillitosuena.com\/inicio\/wp-json\/wp\/v2\/users\/6"}],"replies":[{"embeddable":true,"href":"https:\/\/www.elgrillitosuena.com\/inicio\/wp-json\/wp\/v2\/comments?post=8246"}],"version-history":[{"count":1,"href":"https:\/\/www.elgrillitosuena.com\/inicio\/wp-json\/wp\/v2\/posts\/8246\/revisions"}],"predecessor-version":[{"id":8248,"href":"https:\/\/www.elgrillitosuena.com\/inicio\/wp-json\/wp\/v2\/posts\/8246\/revisions\/8248"}],"wp:featuredmedia":[{"embeddable":true,"href":"https:\/\/www.elgrillitosuena.com\/inicio\/wp-json\/wp\/v2\/media\/8247"}],"wp:attachment":[{"href":"https:\/\/www.elgrillitosuena.com\/inicio\/wp-json\/wp\/v2\/media?parent=8246"}],"wp:term":[{"taxonomy":"category","embeddable":true,"href":"https:\/\/www.elgrillitosuena.com\/inicio\/wp-json\/wp\/v2\/categories?post=8246"},{"taxonomy":"post_tag","embeddable":true,"href":"https:\/\/www.elgrillitosuena.com\/inicio\/wp-json\/wp\/v2\/tags?post=8246"}],"curies":[{"name":"wp","href":"https:\/\/api.w.org\/{rel}","templated":true}]}}