{"id":8186,"date":"2021-07-28T15:43:18","date_gmt":"2021-07-28T15:43:18","guid":{"rendered":"https:\/\/www.elgrillitosuena.com\/inicio\/?p=8186"},"modified":"2021-07-28T15:43:18","modified_gmt":"2021-07-28T15:43:18","slug":"conjunto-conventual-de-tlaxcala-se-une-a-la-lista-de-patrimonio-mundial-unesco","status":"publish","type":"post","link":"https:\/\/www.elgrillitosuena.com\/inicio\/noticias\/cultura\/conjunto-conventual-de-tlaxcala-se-une-a-la-lista-de-patrimonio-mundial-unesco\/","title":{"rendered":"Conjunto conventual de Tlaxcala se une a la lista de Patrimonio Mundial: UNESCO"},"content":{"rendered":"<p><img decoding=\"async\" src=\"https:\/\/heraldodemexico.com.mx\/u\/fotografias\/m\/2021\/7\/27\/f960x540-401212_475287_12.jpg\" alt=\"Un conjunto conventual tlaxcalteca fue incorporado al reconocimiento que M\u00e9xico obtuvo en 1994\" \/><\/p>\n<p><strong>El Conjunto Conventual Franciscano y Catedralicio de Nuestra Se\u00f1ora de la Asunci\u00f3n de Tlaxcala,\u00a0<\/strong>fue agregado a la Lista del Patrimonio Mundial de la UNESCO, como extensi\u00f3n de la declaratoria \u201cPrimeros Monasterios del siglo XVI en las laderas del Popocat\u00e9petl\u201d, que el organismo mundial reconoci\u00f3 en 1994 junto a otros 14 monasterios de Morelos y Puebla.<\/p>\n<p>La incorporaci\u00f3n se realiz\u00f3 durante la reuni\u00f3n 44 del organismo mundial, celebrada en l\u00ednea desde Fuzhou, China.\u00a0<strong>\u201cEra fundamental agregar este conjunto conventual franciscano, el primero que se erige en el valle de Puebla, Tlaxcala<\/strong>\u00a0y que tiene que ver con el papel que tienen los tlaxcaltecas en el siglo XVI\u201d, se\u00f1al\u00f3 Diego Prieto, director del INAH.<\/p>\n<p>En 1994, el conjunto construido entre 1537 y 1540, qued\u00f3 fuera de la postulaci\u00f3n mexicana: \u201clo que pensamos que pas\u00f3 es que se garantiz\u00f3 la inscripci\u00f3n, en ese momento, de los monasterios que pod\u00eda el gobierno mexicano dar seguimiento para su conservaci\u00f3n\u201d, dijo\u00a0<strong>Francisco Vidargas,\u00a0subdirector de Patrimonio Mundial.<\/strong><\/p>\n<p><strong>Este a\u00f1o, M\u00e9xico s\u00f3lo present\u00f3 la propuesta de Tlaxcala debido a que no ten\u00eda otro \u201cexpediente completo\u201d. Sin embargo, se encuentran en espera, en la lista tentativa de la UNESCO,\u00a0<\/strong>sitios como la regi\u00f3n Lacant\u00fan, en el Usumacinta; la Reserva de la Biosfera Banco Chinchorro; los Petenes-R\u00eda Celest\u00fan o la Casa Estudio Diego Rivera y Frida Kahlo, entre otros.<\/p>\n<h2><strong>Elementos<\/strong><\/h2>\n<ul>\n<li>15 conventos integran ahora la declaratoria de Patrimonio Mundial<\/li>\n<li>Se debe garantizar su conservaci\u00f3n y la integraci\u00f3n de un plan de manejo<\/li>\n<\/ul>\n<p>Con informaci\u00f3n de Heraldo de M\u00e9xico<\/p>\n","protected":false},"excerpt":{"rendered":"<p>El Conjunto Conventual Franciscano y Catedralicio de Nuestra Se\u00f1ora de la Asunci\u00f3n de Tlaxcala,\u00a0fue agregado a la Lista del Patrimonio Mundial de la UNESCO, como extensi\u00f3n de la declaratoria \u201cPrimeros Monasterios del siglo XVI en las laderas del Popocat\u00e9petl\u201d, que el organismo mundial reconoci\u00f3 en 1994 junto a otros 14 monasterios de Morelos y Puebla. &hellip;<\/p>\n","protected":false},"author":6,"featured_media":8187,"comment_status":"open","ping_status":"closed","sticky":false,"template":"","format":"standard","meta":[],"categories":[43],"tags":[2111,2112,1641,1221],"_links":{"self":[{"href":"https:\/\/www.elgrillitosuena.com\/inicio\/wp-json\/wp\/v2\/posts\/8186"}],"collection":[{"href":"https:\/\/www.elgrillitosuena.com\/inicio\/wp-json\/wp\/v2\/posts"}],"about":[{"href":"https:\/\/www.elgrillitosuena.com\/inicio\/wp-json\/wp\/v2\/types\/post"}],"author":[{"embeddable":true,"href":"https:\/\/www.elgrillitosuena.com\/inicio\/wp-json\/wp\/v2\/users\/6"}],"replies":[{"embeddable":true,"href":"https:\/\/www.elgrillitosuena.com\/inicio\/wp-json\/wp\/v2\/comments?post=8186"}],"version-history":[{"count":1,"href":"https:\/\/www.elgrillitosuena.com\/inicio\/wp-json\/wp\/v2\/posts\/8186\/revisions"}],"predecessor-version":[{"id":8188,"href":"https:\/\/www.elgrillitosuena.com\/inicio\/wp-json\/wp\/v2\/posts\/8186\/revisions\/8188"}],"wp:featuredmedia":[{"embeddable":true,"href":"https:\/\/www.elgrillitosuena.com\/inicio\/wp-json\/wp\/v2\/media\/8187"}],"wp:attachment":[{"href":"https:\/\/www.elgrillitosuena.com\/inicio\/wp-json\/wp\/v2\/media?parent=8186"}],"wp:term":[{"taxonomy":"category","embeddable":true,"href":"https:\/\/www.elgrillitosuena.com\/inicio\/wp-json\/wp\/v2\/categories?post=8186"},{"taxonomy":"post_tag","embeddable":true,"href":"https:\/\/www.elgrillitosuena.com\/inicio\/wp-json\/wp\/v2\/tags?post=8186"}],"curies":[{"name":"wp","href":"https:\/\/api.w.org\/{rel}","templated":true}]}}