{"id":7983,"date":"2021-07-21T17:21:33","date_gmt":"2021-07-21T17:21:33","guid":{"rendered":"https:\/\/www.elgrillitosuena.com\/inicio\/?p=7983"},"modified":"2021-07-21T17:21:33","modified_gmt":"2021-07-21T17:21:33","slug":"control-z-asi-se-alistan-sus-personajes-para-estreno-de-segunda-temporada","status":"publish","type":"post","link":"https:\/\/www.elgrillitosuena.com\/inicio\/life-style\/espectaculos\/control-z-asi-se-alistan-sus-personajes-para-estreno-de-segunda-temporada\/","title":{"rendered":"Control Z: As\u00ed se alistan sus personajes para estreno de segunda temporada"},"content":{"rendered":"<p><img decoding=\"async\" src=\"https:\/\/heraldodemexico.com.mx\/u\/fotografias\/m\/2021\/7\/21\/f960x540-398662_472737_0.jpg\" alt=\"La segunda temporada de Control Z estar\u00e1 disponible en unos d\u00edas. Foto: IG: _todostussecretos_\" \/><\/p>\n<p>La segunda temporada de\u00a0<a href=\"https:\/\/heraldodemexico.com.mx\/espectaculos\/2021\/7\/14\/zion-moreno-al-natural-asi-se-ve-la-actriz-trans-que-encanto-en-control-z-gossip-girl-sin-maquillaje-316294.html\"><strong>Control Z\u00a0<\/strong><\/a>llegar\u00e1 a Netflix el pr\u00f3ximo\u00a0<strong>4 de agosto<\/strong>\u00a0a trav\u00e9s de la plataforma de<strong>\u00a0Netflix<\/strong>\u00a0y en el trailer recientemente publicado por la producci\u00f3n se revel\u00f3 que los\u00a0<strong>alumnos del Colegio Nacional\u00a0<\/strong>se enfrentar\u00e1n a una\u00a0<a href=\"https:\/\/heraldodemexico.com.mx\/espectaculos\/2021\/7\/8\/control-z-conoce-los-nuevos-personajes-que-se-unen-la-temporada-fotos-314386.html\">nueva amenaza \u201cmucho m\u00e1s peligrosa\u201d<\/a>\u00a0que sacar\u00e1 a la luz todos los secretos de los personajes que se han concentrado en encontrar a<strong>\u00a0\u201cEl Vengador\u201d.<\/strong><\/p>\n<p>La espera fue de m\u00e1s de un a\u00f1o y se sabe que esta\u00a0<a href=\"https:\/\/heraldodemexico.com.mx\/espectaculos\/2020\/10\/14\/esta-actriz-dice-adios-la-segunda-temporada-de-control-z-214962.html\">nueva temporada<\/a>\u00a0contar\u00e1 con la participaci\u00f3n de\u00a0<strong>Ana Valeria Becerril, Michael Ronda, Yankel Stevan, Macarena Garc\u00eda, Andr\u00e9s Baida, Fiona Palomo, Patricio Gallardo, Samantha Acu\u00f1a, Patricia Maqueo, Ana Sof\u00eda Gatica, Roc\u00edo Verdejo, Rodrigo Cachero, Xabiani Ponce de Le\u00f3n e Iv\u00e1n Arag\u00f3n<\/strong>, entre otros, quienes ya se han ganado el cari\u00f1o del p\u00fablico.<\/p>\n<h2>\u00bfC\u00f3mo esperan los protagonistas en estreno de la segunda temporada?<\/h2>\n<p><strong>Ana Valeria Becerril<\/strong>, quien le da vida al personaje de\u00a0<strong>Sofia Herrera<\/strong>\u00a0se ha enfocado en promocionar a trav\u00e9s de sus redes sociales\u00a0<strong>\u201cLos d\u00edas que no estuve\u201d<\/strong>, la producci\u00f3n exclusiva de Blim que protagoniza junto a Mart\u00edn Altomaro, Irene Azuela e Sofia Siniega, entre otros, adem\u00e1s, tambi\u00e9n se mostr\u00f3 muy emocionada por el regreso de\u00a0<a href=\"https:\/\/heraldodemexico.com.mx\/tendencias\/2021\/7\/7\/segunda-temporada-de-control-ya-tiene-fecha-de-estreno-en-netflix-aqui-puede-ver-el-trailer-313783.html\">Control Z<\/a>\u00a0y comparti\u00f3 el trailer de la segunda temporada en su perfil de Instagram.<\/p>\n<p><strong>Michael Ronda<\/strong>, quien hace el papel de\u00a0<strong>Javier Williams<\/strong>\u00a0se ha enfocado en ganar seguidores en sus redes sociales pues ya acumula m\u00e1s de<strong>\u00a07.4 millones de seguidores<\/strong>\u00a0a quienes constantemente les comparte diferentes aspectos de su d\u00eda a d\u00eda, adem\u00e1s, ha dejado ver que se divierte mucho pues ha aprovechado el tiempo para pasar tiempo con su familia y amigos haciendo cosas que disfruta como estar en la playa, jugar gotcha, videojuegos y hasta ver la Eurocopa.<\/p>\n<p>Por su parte,<strong>\u00a0Yankel Stevan<\/strong>, quien personifica a\u00a0<strong>Ra\u00fal de Le\u00f3n,<\/strong>\u00a0no ha estado muy activo en sus redes sociales, sin embargo, s\u00ed comparti\u00f3 algunos de los promocionales de la segunda temporada de Control Z.<\/p>\n<p><strong>Macarena Garc\u00eda, (Natalia Alexander<\/strong>\u00a0en Control Z), dej\u00f3 ver que se espera el estreno de la segunda temporada de la serie mexicana lo m\u00e1s relajada posible pues\u00a0<strong>comparti\u00f3 una serie de fotograf\u00edas desde una playa en Ibiza\u00a0<\/strong>donde tambi\u00e9n se dio tiempo para practicar sus habilidades con la cer\u00e1mica, no obstante, no ha publicado nada referente a Control Z desde hace varias semanas.<\/p>\n<p><strong>Samantha Acu\u00f1a,<\/strong>\u00a0quien le da vida al personaje de\u00a0<strong>\u00c1lex<\/strong>, tambi\u00e9n ha aprovechado el tiempo para relajarse mientras llega la segunda temporada de Control Z pues\u00a0<strong>las fotos desde la playa y otros lugares son recurrentes\u00a0<\/strong>y tras el lanzamiento del trailer se la producci\u00f3n de Neflix se mostr\u00f3 muy entusiasmada y comparti\u00f3 diversos promocionales.<\/p>\n<p><strong>Andr\u00e9s Baida<\/strong>, quien hace el personaje de<strong>\u00a0Pablo Garc\u00eda<\/strong>\u00a0ha dejado ver en sus redes sociales que el \u00e9xito obtenido en Control Z le dio un gran impulso a su carrera pues en diversas ocasiones<strong>\u00a0ha sido la portada de diferentes revistas<\/strong>\u00a0y al igual que la mayor\u00eda de sus compa\u00f1eros de elenco, se mostr\u00f3 muy entusiasmado por el lanzamiento del tr\u00e1iler oficial de la segunda temporada, el cual comparti\u00f3 a trav\u00e9s de sus redes sociales.<\/p>\n<div class=\"epyt-video-wrapper\"><iframe loading=\"lazy\"  id=\"_ytid_98950\"  width=\"618\" height=\"347\"  data-origwidth=\"618\" data-origheight=\"347\"  data-relstop=\"1\" src=\"https:\/\/www.youtube.com\/embed\/BQD2Rdu3D34?enablejsapi=1&#038;autoplay=0&#038;cc_load_policy=0&#038;cc_lang_pref=&#038;iv_load_policy=1&#038;loop=0&#038;modestbranding=0&#038;rel=0&#038;fs=1&#038;playsinline=0&#038;autohide=2&#038;theme=dark&#038;color=red&#038;controls=1&#038;\" class=\"__youtube_prefs__  epyt-is-override  no-lazyload\" title=\"YouTube player\"  allow=\"accelerometer; autoplay; clipboard-write; encrypted-media; gyroscope; picture-in-picture\" allowfullscreen data-no-lazy=\"1\" data-skipgform_ajax_framebjll=\"\"><\/iframe><\/div>\n<p>Con informaci\u00f3n de Heraldo de M\u00e9xico<\/p>\n","protected":false},"excerpt":{"rendered":"<p>La segunda temporada de\u00a0Control Z\u00a0llegar\u00e1 a Netflix el pr\u00f3ximo\u00a04 de agosto\u00a0a trav\u00e9s de la plataforma de\u00a0Netflix\u00a0y en el trailer recientemente publicado por la producci\u00f3n se revel\u00f3 que los\u00a0alumnos del Colegio Nacional\u00a0se enfrentar\u00e1n a una\u00a0nueva amenaza \u201cmucho m\u00e1s peligrosa\u201d\u00a0que sacar\u00e1 a la luz todos los secretos de los personajes que se han concentrado en encontrar a\u00a0\u201cEl &hellip;<\/p>\n","protected":false},"author":6,"featured_media":7984,"comment_status":"open","ping_status":"closed","sticky":false,"template":"","format":"standard","meta":[],"categories":[44],"tags":[2044,293,1958,852],"_links":{"self":[{"href":"https:\/\/www.elgrillitosuena.com\/inicio\/wp-json\/wp\/v2\/posts\/7983"}],"collection":[{"href":"https:\/\/www.elgrillitosuena.com\/inicio\/wp-json\/wp\/v2\/posts"}],"about":[{"href":"https:\/\/www.elgrillitosuena.com\/inicio\/wp-json\/wp\/v2\/types\/post"}],"author":[{"embeddable":true,"href":"https:\/\/www.elgrillitosuena.com\/inicio\/wp-json\/wp\/v2\/users\/6"}],"replies":[{"embeddable":true,"href":"https:\/\/www.elgrillitosuena.com\/inicio\/wp-json\/wp\/v2\/comments?post=7983"}],"version-history":[{"count":1,"href":"https:\/\/www.elgrillitosuena.com\/inicio\/wp-json\/wp\/v2\/posts\/7983\/revisions"}],"predecessor-version":[{"id":7985,"href":"https:\/\/www.elgrillitosuena.com\/inicio\/wp-json\/wp\/v2\/posts\/7983\/revisions\/7985"}],"wp:featuredmedia":[{"embeddable":true,"href":"https:\/\/www.elgrillitosuena.com\/inicio\/wp-json\/wp\/v2\/media\/7984"}],"wp:attachment":[{"href":"https:\/\/www.elgrillitosuena.com\/inicio\/wp-json\/wp\/v2\/media?parent=7983"}],"wp:term":[{"taxonomy":"category","embeddable":true,"href":"https:\/\/www.elgrillitosuena.com\/inicio\/wp-json\/wp\/v2\/categories?post=7983"},{"taxonomy":"post_tag","embeddable":true,"href":"https:\/\/www.elgrillitosuena.com\/inicio\/wp-json\/wp\/v2\/tags?post=7983"}],"curies":[{"name":"wp","href":"https:\/\/api.w.org\/{rel}","templated":true}]}}