{"id":7974,"date":"2021-07-21T16:15:59","date_gmt":"2021-07-21T16:15:59","guid":{"rendered":"https:\/\/www.elgrillitosuena.com\/inicio\/?p=7974"},"modified":"2021-07-21T16:15:59","modified_gmt":"2021-07-21T16:15:59","slug":"eu-mantendra-cierre-parcial-de-frontera-con-mexico-un-mes-mas","status":"publish","type":"post","link":"https:\/\/www.elgrillitosuena.com\/inicio\/noticias\/mundo\/eu-mantendra-cierre-parcial-de-frontera-con-mexico-un-mes-mas\/","title":{"rendered":"EU mantendr\u00e1 cierre parcial de frontera con M\u00e9xico un mes m\u00e1s"},"content":{"rendered":"<p><img decoding=\"async\" src=\"https:\/\/heraldodemexico.com.mx\/u\/fotografias\/m\/2021\/4\/22\/f960x540-360735_434810_0.jpg\" alt=\"Estados Unidos extiende medidas en frontera con Canad\u00e1 y M\u00e9xico. Foto: Cuartoscuro\" \/><\/p>\n<p>Esta ma\u00f1ana por medio de un mensaje en sus cuentas en redes sociales, la<a href=\"https:\/\/heraldodemexico.com.mx\/nacional\/2021\/7\/13\/pasaporte-mexicano-2021-como-donde-tramitarlo-en-nuevo-leon-315556.html\">\u00a0<\/a><strong><a href=\"https:\/\/heraldodemexico.com.mx\/nacional\/2021\/7\/13\/pasaporte-mexicano-2021-como-donde-tramitarlo-en-nuevo-leon-315556.html\">Secretar\u00eda de Relaciones Exteriores (SRE)<\/a>\u00a0<\/strong>dio a conocer que e<strong>l Gobierno de<a href=\"https:\/\/heraldodemexico.com.mx\/mundo\/2021\/5\/19\/debate-por-investigacion-al-ataque-del-capitolio-de-estados-unidos-297353.html\">\u00a0Estados Unidos<\/a><\/strong><a href=\"https:\/\/heraldodemexico.com.mx\/mundo\/2021\/5\/19\/debate-por-investigacion-al-ataque-del-capitolio-de-estados-unidos-297353.html\">,<\/a>\u00a0decidi\u00f3 extender el cierre parcial de su frontera por al menos un mes m\u00e1s.<\/p>\n<p>\u201cEl Gobierno de Estados Unidos, nos ha informado sobre la decisi\u00f3n de extender el cierre parcial de la frontera un mes m\u00e1s\u201d.<\/p>\n<p>En el mismo tuit la<strong>\u00a0SRE,<\/strong>\u00a0asegura que el\u00a0<strong>Gobierno de M\u00e9xico<\/strong>\u00a0continuar\u00e1 con el di\u00e1logo bilateral y reitera que el ritmo acelerado de vacunaci\u00f3n contra\u00a0<strong>Covid-19\u00a0<\/strong>en la frontera genera condiciones para avanzar en mutuo beneficio.<\/p>\n<p>Hay que recordar que el plazo impuesto para extender el cierre de la frontera entre M\u00e9xico y Estados Unidos a viajes terrestres no esenciales caduc\u00f3 desde la medianoche del martes, sin que ambos gobiernos se hicieran un anuncio sobre la reapertura o una nueva extensi\u00f3n, hasta hace apenas unos minutos.<\/p>\n<p>Se cumplen 16 meses del cierre de la frontera<br \/>\nHay que recordar que la frontera entre Estados Unidos y M\u00e9xico fue cerrada desde el pasado 21 de marzo de 2020, como parte del plan bilateral para evitar la propagaci\u00f3n de la Covid-19 en la zona norte de nuestro pa\u00eds-<\/p>\n<p>Este cierre proh\u00edbe actividades no esenciales como el turismo, eventos culturales o juegos de azar. Adem\u00e1s este veto solamente permite el cruce hacia territorio de los Estados Unidos desde M\u00e9xico a ciudadanos o residentes permanentes de la Uni\u00f3n Americana.<\/p>\n<p>Otras de las recomendaciones que hacen para el cruce dicha es que se debe de aseg\u00farese de estar completamente vacunado antes de viajar al territorio mexicano.<\/p>\n<p>Ahora tras esta larga espera de 16 meses, autoridades estadounidenses locales y empresarios fronterizos piden al gobierno de Joe Biden que se levante estas restricciones, para que de esta forma se pueda afrontar la crisis econ\u00f3mica que este cierre ha tra\u00eddo a la zona.<\/p>\n<p>Con informaci\u00f3n de Heraldo de M\u00e9xico<\/p>\n","protected":false},"excerpt":{"rendered":"<p>Esta ma\u00f1ana por medio de un mensaje en sus cuentas en redes sociales, la\u00a0Secretar\u00eda de Relaciones Exteriores (SRE)\u00a0dio a conocer que el Gobierno de\u00a0Estados Unidos,\u00a0decidi\u00f3 extender el cierre parcial de su frontera por al menos un mes m\u00e1s. \u201cEl Gobierno de Estados Unidos, nos ha informado sobre la decisi\u00f3n de extender el cierre parcial de &hellip;<\/p>\n","protected":false},"author":6,"featured_media":7975,"comment_status":"open","ping_status":"closed","sticky":false,"template":"","format":"standard","meta":[],"categories":[40],"tags":[165,2040,945],"_links":{"self":[{"href":"https:\/\/www.elgrillitosuena.com\/inicio\/wp-json\/wp\/v2\/posts\/7974"}],"collection":[{"href":"https:\/\/www.elgrillitosuena.com\/inicio\/wp-json\/wp\/v2\/posts"}],"about":[{"href":"https:\/\/www.elgrillitosuena.com\/inicio\/wp-json\/wp\/v2\/types\/post"}],"author":[{"embeddable":true,"href":"https:\/\/www.elgrillitosuena.com\/inicio\/wp-json\/wp\/v2\/users\/6"}],"replies":[{"embeddable":true,"href":"https:\/\/www.elgrillitosuena.com\/inicio\/wp-json\/wp\/v2\/comments?post=7974"}],"version-history":[{"count":1,"href":"https:\/\/www.elgrillitosuena.com\/inicio\/wp-json\/wp\/v2\/posts\/7974\/revisions"}],"predecessor-version":[{"id":7976,"href":"https:\/\/www.elgrillitosuena.com\/inicio\/wp-json\/wp\/v2\/posts\/7974\/revisions\/7976"}],"wp:featuredmedia":[{"embeddable":true,"href":"https:\/\/www.elgrillitosuena.com\/inicio\/wp-json\/wp\/v2\/media\/7975"}],"wp:attachment":[{"href":"https:\/\/www.elgrillitosuena.com\/inicio\/wp-json\/wp\/v2\/media?parent=7974"}],"wp:term":[{"taxonomy":"category","embeddable":true,"href":"https:\/\/www.elgrillitosuena.com\/inicio\/wp-json\/wp\/v2\/categories?post=7974"},{"taxonomy":"post_tag","embeddable":true,"href":"https:\/\/www.elgrillitosuena.com\/inicio\/wp-json\/wp\/v2\/tags?post=7974"}],"curies":[{"name":"wp","href":"https:\/\/api.w.org\/{rel}","templated":true}]}}