{"id":7942,"date":"2021-07-20T18:17:57","date_gmt":"2021-07-20T18:17:57","guid":{"rendered":"https:\/\/www.elgrillitosuena.com\/inicio\/?p=7942"},"modified":"2021-07-20T18:17:57","modified_gmt":"2021-07-20T18:17:57","slug":"modulo-de-pruebas-rapidas-covid-19-se-ubica-en-el-centro-de-la-ciudad","status":"publish","type":"post","link":"https:\/\/www.elgrillitosuena.com\/inicio\/noticias\/uruapan\/modulo-de-pruebas-rapidas-covid-19-se-ubica-en-el-centro-de-la-ciudad\/","title":{"rendered":"M\u00f3dulo de pruebas r\u00e1pidas COVID-19 se ubica en el centro de la ciudad"},"content":{"rendered":"<p><img decoding=\"async\" loading=\"lazy\" class=\"alignnone  wp-image-7943\" src=\"https:\/\/www.elgrillitosuena.com\/inicio\/wp-content\/uploads\/2021\/07\/WhatsApp-Image-2021-07-20-at-1.06.16-PM-300x205.jpeg\" alt=\"\" width=\"667\" height=\"456\" srcset=\"https:\/\/www.elgrillitosuena.com\/inicio\/wp-content\/uploads\/2021\/07\/WhatsApp-Image-2021-07-20-at-1.06.16-PM-300x205.jpeg 300w, https:\/\/www.elgrillitosuena.com\/inicio\/wp-content\/uploads\/2021\/07\/WhatsApp-Image-2021-07-20-at-1.06.16-PM-1024x699.jpeg 1024w, https:\/\/www.elgrillitosuena.com\/inicio\/wp-content\/uploads\/2021\/07\/WhatsApp-Image-2021-07-20-at-1.06.16-PM-768x524.jpeg 768w, https:\/\/www.elgrillitosuena.com\/inicio\/wp-content\/uploads\/2021\/07\/WhatsApp-Image-2021-07-20-at-1.06.16-PM-1536x1048.jpeg 1536w, https:\/\/www.elgrillitosuena.com\/inicio\/wp-content\/uploads\/2021\/07\/WhatsApp-Image-2021-07-20-at-1.06.16-PM-110x75.jpeg 110w, https:\/\/www.elgrillitosuena.com\/inicio\/wp-content\/uploads\/2021\/07\/WhatsApp-Image-2021-07-20-at-1.06.16-PM.jpeg 1565w\" sizes=\"(max-width: 667px) 100vw, 667px\" \/><\/p>\n<p>A partir del 20 de julio, las pruebas r\u00e1pidas para detectar COVID-19 se llevan a cabo en la plaza Morelos, frente al templo de la Inmaculada en el centro de la ciudad. Son test gratuitos que se practican de lunes a viernes en la Unidad M\u00e9dica M\u00f3vil del DIF Municipal. S\u00f3lo se ocupa presentar la credencial del INE.<\/p>\n<p>De 9:00 a 10:30 horas se realiza el registro y toma de muestras, mientras que de 11:30 a 13:00 horas se entregan los resultados. Este servicio es producto del trabajo conjunto entre el Gobierno Municipal de Uruapan, el DIF local, el Centro de Salud y la Jurisdicci\u00f3n Sanitaria 05, inform\u00f3 el alcalde Luis Manuel Maga\u00f1a Maga\u00f1a.<br \/>\nLas instituciones gubernamentales se\u00f1aladas recomiendan a las personas que tengan uno o varios de los siguientes s\u00edntomas: fiebre, gripe, tos, dolor de cabeza, de huesos, diarrea, n\u00e1useas, v\u00f3mito, p\u00e9rdida de olfato y del gusto o cansancio, a que acudan a este m\u00f3dulo de atenci\u00f3n.<\/p>\n<p><img decoding=\"async\" loading=\"lazy\" class=\"alignnone  wp-image-7944\" src=\"https:\/\/www.elgrillitosuena.com\/inicio\/wp-content\/uploads\/2021\/07\/WhatsApp-Image-2021-07-20-at-1.06.16-PM-1-300x211.jpeg\" alt=\"\" width=\"466\" height=\"328\" srcset=\"https:\/\/www.elgrillitosuena.com\/inicio\/wp-content\/uploads\/2021\/07\/WhatsApp-Image-2021-07-20-at-1.06.16-PM-1-300x211.jpeg 300w, https:\/\/www.elgrillitosuena.com\/inicio\/wp-content\/uploads\/2021\/07\/WhatsApp-Image-2021-07-20-at-1.06.16-PM-1-1024x721.jpeg 1024w, https:\/\/www.elgrillitosuena.com\/inicio\/wp-content\/uploads\/2021\/07\/WhatsApp-Image-2021-07-20-at-1.06.16-PM-1-768x541.jpeg 768w, https:\/\/www.elgrillitosuena.com\/inicio\/wp-content\/uploads\/2021\/07\/WhatsApp-Image-2021-07-20-at-1.06.16-PM-1.jpeg 1506w\" sizes=\"(max-width: 466px) 100vw, 466px\" \/><br \/>\nEl Presidente Municipal de Uruapan explic\u00f3 que el objetivo de realizar esta labor es cortar la cadena de contagio y aislar de inmediato a quienes resulten positivo para evitar que contagien a m\u00e1s personas en su centro de trabajo, en la v\u00eda p\u00fablica o dentro del n\u00facleo familiar. Se invita a la poblaci\u00f3n a aprovechar este servicio.<br \/>\nLa prevenci\u00f3n es fundamental para romper la cadena de contagios y salvar vidas, en el entendido que se atraviesa por la tercera ola de la emergencia sanitaria, que trae consigo algunas variantes del Sars-Cov2, que son m\u00e1s contagiosas que la cepa original.<\/p>\n","protected":false},"excerpt":{"rendered":"<p>A partir del 20 de julio, las pruebas r\u00e1pidas para detectar COVID-19 se llevan a cabo en la plaza Morelos, frente al templo de la Inmaculada en el centro de la ciudad. Son test gratuitos que se practican de lunes a viernes en la Unidad M\u00e9dica M\u00f3vil del DIF Municipal. S\u00f3lo se ocupa presentar la &hellip;<\/p>\n","protected":false},"author":6,"featured_media":7943,"comment_status":"open","ping_status":"closed","sticky":false,"template":"","format":"standard","meta":[],"categories":[37],"tags":[165,2026,63],"_links":{"self":[{"href":"https:\/\/www.elgrillitosuena.com\/inicio\/wp-json\/wp\/v2\/posts\/7942"}],"collection":[{"href":"https:\/\/www.elgrillitosuena.com\/inicio\/wp-json\/wp\/v2\/posts"}],"about":[{"href":"https:\/\/www.elgrillitosuena.com\/inicio\/wp-json\/wp\/v2\/types\/post"}],"author":[{"embeddable":true,"href":"https:\/\/www.elgrillitosuena.com\/inicio\/wp-json\/wp\/v2\/users\/6"}],"replies":[{"embeddable":true,"href":"https:\/\/www.elgrillitosuena.com\/inicio\/wp-json\/wp\/v2\/comments?post=7942"}],"version-history":[{"count":1,"href":"https:\/\/www.elgrillitosuena.com\/inicio\/wp-json\/wp\/v2\/posts\/7942\/revisions"}],"predecessor-version":[{"id":7945,"href":"https:\/\/www.elgrillitosuena.com\/inicio\/wp-json\/wp\/v2\/posts\/7942\/revisions\/7945"}],"wp:featuredmedia":[{"embeddable":true,"href":"https:\/\/www.elgrillitosuena.com\/inicio\/wp-json\/wp\/v2\/media\/7943"}],"wp:attachment":[{"href":"https:\/\/www.elgrillitosuena.com\/inicio\/wp-json\/wp\/v2\/media?parent=7942"}],"wp:term":[{"taxonomy":"category","embeddable":true,"href":"https:\/\/www.elgrillitosuena.com\/inicio\/wp-json\/wp\/v2\/categories?post=7942"},{"taxonomy":"post_tag","embeddable":true,"href":"https:\/\/www.elgrillitosuena.com\/inicio\/wp-json\/wp\/v2\/tags?post=7942"}],"curies":[{"name":"wp","href":"https:\/\/api.w.org\/{rel}","templated":true}]}}