{"id":7887,"date":"2021-07-19T18:21:51","date_gmt":"2021-07-19T18:21:51","guid":{"rendered":"https:\/\/www.elgrillitosuena.com\/inicio\/?p=7887"},"modified":"2021-07-19T18:21:51","modified_gmt":"2021-07-19T18:21:51","slug":"carolina-herrera-se-lanza-contra-influencers-como-yuya-no-saben-nada-de-moda","status":"publish","type":"post","link":"https:\/\/www.elgrillitosuena.com\/inicio\/life-style\/espectaculos\/carolina-herrera-se-lanza-contra-influencers-como-yuya-no-saben-nada-de-moda\/","title":{"rendered":"Carolina Herrera se lanza contra influencers como Yuya: \u201cno saben nada de moda\u201d"},"content":{"rendered":"<p><img decoding=\"async\" src=\"https:\/\/heraldodemexico.com.mx\/u\/fotografias\/m\/2021\/7\/19\/f960x540-397782_471857_0.jpg\" alt=\"El concepto de moda est\u00e1 cambiando. Foto: Especial\" \/><\/p>\n<p>Si hay una persona que sabe de moda esa es\u00a0<a href=\"https:\/\/heraldodemexico.com.mx\/tendencias\/2020\/11\/9\/carolina-herrera-asegura-que-usar-tenis-pants-es-fachoso-video-223596.html\" target=\"_blank\" rel=\"noopener noreferrer\"><strong>Carolina Herrera<\/strong><\/a>, la afamada colombiana que ha brillado en pasarelas internacionales gracias a sus dise\u00f1os y a su creatividad, pues un \u00edcono del dise\u00f1o y desde luego de moda.<\/p>\n<p>Adem\u00e1s su nombre se ha asociado con el<strong>\u00a0buen gusto<\/strong>, pues tiene todo un conjunto de reglas de c\u00f3mo debe verse una mujer elegante y en m\u00e1s de una ocasi\u00f3n ha causado pol\u00e9mica por sus declaraciones sobre lo que s\u00ed y no debe vestir una para verse bien de acuerdo a su edad.<\/p>\n<p>S\u00f3lo hay que recordar que ellas se ha lanzado en m\u00e1s de una ocasi\u00f3n contra los<strong>\u00a0jeans y las minifalda<\/strong>s en las mujeres maduras, pues ha dicho que esas prendas se ven bien en jovencitas, pero deber\u00edan estar muy alejadas del guardarropa de una mujer madura, de m\u00e1s de 35 a\u00f1os.<\/p>\n<h2>Carolina Herrera se lanza contra los influencers<\/h2>\n<p>En esta ocasi\u00f3n la colombiana\u00a0<strong>se lanz\u00f3 contra los influencers<\/strong>, quienes se han convertido en \u00edconos de moda, pero ella considera que no lo son, ya que asegura se visten con lo que les dicen que se pongan, pero no porque tengan un estilo propio.<\/p>\n<p>Por lo que asegur\u00f3 que no entiende por qu\u00e9 son considerados \u00edconos de moda, asegur\u00f3 que aunque parece que son muy importantes es algo que ella no entiende y record\u00f3 cuando asisti\u00f3 a uno de sus desfiles y todas las influencers asistieron con vestidos de noche a un evento que se llev\u00f3 a cabo a las 10 de la ma\u00f1ana.<\/p>\n<p>Pese a sus declaraciones hay personajes como Yuya, que tienen un gran importancia en M\u00e9xico, pues imponen tendencia y hasta moda entre las generaciones que la siguen, no en vano se ha convertido en una de las mujeres m\u00e1s ricas del pa\u00eds y ha alcanzado la categor\u00eda de empresaria por sus logros a nivel econ\u00f3mico.<\/p>\n<p>Con informaci\u00f3n Heraldo de M\u00e9xico<\/p>\n","protected":false},"excerpt":{"rendered":"<p>Si hay una persona que sabe de moda esa es\u00a0Carolina Herrera, la afamada colombiana que ha brillado en pasarelas internacionales gracias a sus dise\u00f1os y a su creatividad, pues un \u00edcono del dise\u00f1o y desde luego de moda. Adem\u00e1s su nombre se ha asociado con el\u00a0buen gusto, pues tiene todo un conjunto de reglas de &hellip;<\/p>\n","protected":false},"author":6,"featured_media":7888,"comment_status":"open","ping_status":"closed","sticky":false,"template":"","format":"standard","meta":[],"categories":[44],"tags":[2008,90,2009],"_links":{"self":[{"href":"https:\/\/www.elgrillitosuena.com\/inicio\/wp-json\/wp\/v2\/posts\/7887"}],"collection":[{"href":"https:\/\/www.elgrillitosuena.com\/inicio\/wp-json\/wp\/v2\/posts"}],"about":[{"href":"https:\/\/www.elgrillitosuena.com\/inicio\/wp-json\/wp\/v2\/types\/post"}],"author":[{"embeddable":true,"href":"https:\/\/www.elgrillitosuena.com\/inicio\/wp-json\/wp\/v2\/users\/6"}],"replies":[{"embeddable":true,"href":"https:\/\/www.elgrillitosuena.com\/inicio\/wp-json\/wp\/v2\/comments?post=7887"}],"version-history":[{"count":1,"href":"https:\/\/www.elgrillitosuena.com\/inicio\/wp-json\/wp\/v2\/posts\/7887\/revisions"}],"predecessor-version":[{"id":7889,"href":"https:\/\/www.elgrillitosuena.com\/inicio\/wp-json\/wp\/v2\/posts\/7887\/revisions\/7889"}],"wp:featuredmedia":[{"embeddable":true,"href":"https:\/\/www.elgrillitosuena.com\/inicio\/wp-json\/wp\/v2\/media\/7888"}],"wp:attachment":[{"href":"https:\/\/www.elgrillitosuena.com\/inicio\/wp-json\/wp\/v2\/media?parent=7887"}],"wp:term":[{"taxonomy":"category","embeddable":true,"href":"https:\/\/www.elgrillitosuena.com\/inicio\/wp-json\/wp\/v2\/categories?post=7887"},{"taxonomy":"post_tag","embeddable":true,"href":"https:\/\/www.elgrillitosuena.com\/inicio\/wp-json\/wp\/v2\/tags?post=7887"}],"curies":[{"name":"wp","href":"https:\/\/api.w.org\/{rel}","templated":true}]}}