{"id":7823,"date":"2021-07-16T17:13:58","date_gmt":"2021-07-16T17:13:58","guid":{"rendered":"https:\/\/www.elgrillitosuena.com\/inicio\/?p=7823"},"modified":"2021-07-16T17:13:58","modified_gmt":"2021-07-16T17:13:58","slug":"presenta-noche-de-fuego-en-cannes","status":"publish","type":"post","link":"https:\/\/www.elgrillitosuena.com\/inicio\/noticias\/cultura\/presenta-noche-de-fuego-en-cannes\/","title":{"rendered":"Presenta \u201cNoche de fuego\u201d en Cannes"},"content":{"rendered":"<p><img decoding=\"async\" src=\"https:\/\/heraldodemexico.com.mx\/u\/fotografias\/m\/2021\/7\/15\/f960x540-396655_470730_0.jpg\" alt=\"Para la actriz Mayra Batalla es primordial abrir la conversaci\u00f3n de temas inc\u00f3modos como la violencia sufren las v\u00edctimas colaterales que deja en narco en M\u00e9xico, pero que es algo que se vive en varias partes del mundo. FOTO: ESPECIAL\" \/><\/p>\n<p>Para la actriz Mayra Batalla es primordial abrir la conversaci\u00f3n de temas inc\u00f3modos como la violencia sufren las v\u00edctimas colaterales que deja en narco en M\u00e9xico, pero que es algo que se vive en varias partes del mundo, de ah\u00ed la importancia de presentar hoy\u00a0<strong>\u201cNoche de fuego\u201d<\/strong>\u00a0en el\u00a0<a href=\"https:\/\/heraldodemexico.com.mx\/espectaculos\/2021\/6\/3\/tatiana-huezo-ella-es-la-mexicana-que-competira-en-el-festival-de-cannes-302906.html\">Festival de Cannes.<\/a><\/p>\n<blockquote><p>\u201cToda la cuesti\u00f3n del narco ha golpeado a la sociedad terriblemente, pero no somos del todo conscientes de a qu\u00e9 nivel, y las series, las m\u00e1s populares, los ponen como los fregones de la historia y presenta a las v\u00edctimas como gente capaz de defenderse, pero celebro que hablemos de las v\u00edctimas reales, no para revictimizarlos, sino para ser emp\u00e1ticos\u201d, cont\u00f3 la veracruzana desde Cannes.<\/p><\/blockquote>\n<p>Su estancia en el festival ha sido placentera y un sue\u00f1o cumplido como actriz, aunque bajo estrictas medidas de seguridad, porque cada 48 horas se tienen que someter a<strong>\u00a0pruebas PCR\u00a0<\/strong>y presentar antes de cada funci\u00f3n el c\u00f3digo QR donde se\u00f1ala que est\u00e1 libre del virus.\u00a0 M\u00e1s all\u00e1 del resultado que tenga en dicho certamen, espera que en su\u00a0<a href=\"https:\/\/heraldodemexico.com.mx\/espectaculos\/2019\/11\/17\/violencia-desde-la-mirada-de-una-madre-133077.html\" target=\"_blank\" rel=\"noopener noreferrer\">estreno\u00a0<\/a>en M\u00e9xico, la gente la reciba bien y se inicie el di\u00e1logo sobre este tema.<\/p>\n<p>\u201cNoche de fuego\u201d llega a la secci\u00f3n\u00a0<strong>\u201cUna Cierta Mirada\u201d<\/strong>, la segunda m\u00e1s importante del festival, y cuenta la amistad de tres ni\u00f1as que viven en un lugar de la<strong>\u00a0Sierra Gorda de Quer\u00e9taro,<\/strong>\u00a0en el que crecer siendo mujer es peligroso, por lo que tienen que esconderse bajo tierra cuando se sienten amenazadas. Una de estas ni\u00f1as es hija de \u201cRita\u201d, personaje de Batalla, quien hace todo por defender a su hija.<\/p>\n<p>En este sentido, la actriz se sinti\u00f3 identificada, porque ella naci\u00f3 en \u00c1lamo, Veracruz, con su mam\u00e1 y su hermano, en una \u00e9poca donde no tener una figura masculina a la cabeza de la familia era mal visto, por lo que desde chiquita tuvo que trabajar y cooperar en la casa, pero esto la ense\u00f1\u00f3 a salir adelante, por lo que est\u00e1 agradecida con su madre.<\/p>\n<p>La actriz recientemente termin\u00f3 la filmaci\u00f3n de la pel\u00edcula\u00a0<strong>\u201cHuesera\u201d y una serie para HBO<\/strong>, protagonizada por\u00a0<strong>Mariana Trevi\u00f1o<\/strong>\u00a0que tambi\u00e9n tocar\u00e1 un tema feminista.<\/p>\n<p>Con informaci\u00f3n de Heraldo de M\u00e9xico<\/p>\n","protected":false},"excerpt":{"rendered":"<p>Para la actriz Mayra Batalla es primordial abrir la conversaci\u00f3n de temas inc\u00f3modos como la violencia sufren las v\u00edctimas colaterales que deja en narco en M\u00e9xico, pero que es algo que se vive en varias partes del mundo, de ah\u00ed la importancia de presentar hoy\u00a0\u201cNoche de fuego\u201d\u00a0en el\u00a0Festival de Cannes. \u201cToda la cuesti\u00f3n del narco &hellip;<\/p>\n","protected":false},"author":6,"featured_media":7824,"comment_status":"open","ping_status":"closed","sticky":false,"template":"","format":"standard","meta":[],"categories":[43],"tags":[792,113,156,1229,1994],"_links":{"self":[{"href":"https:\/\/www.elgrillitosuena.com\/inicio\/wp-json\/wp\/v2\/posts\/7823"}],"collection":[{"href":"https:\/\/www.elgrillitosuena.com\/inicio\/wp-json\/wp\/v2\/posts"}],"about":[{"href":"https:\/\/www.elgrillitosuena.com\/inicio\/wp-json\/wp\/v2\/types\/post"}],"author":[{"embeddable":true,"href":"https:\/\/www.elgrillitosuena.com\/inicio\/wp-json\/wp\/v2\/users\/6"}],"replies":[{"embeddable":true,"href":"https:\/\/www.elgrillitosuena.com\/inicio\/wp-json\/wp\/v2\/comments?post=7823"}],"version-history":[{"count":1,"href":"https:\/\/www.elgrillitosuena.com\/inicio\/wp-json\/wp\/v2\/posts\/7823\/revisions"}],"predecessor-version":[{"id":7825,"href":"https:\/\/www.elgrillitosuena.com\/inicio\/wp-json\/wp\/v2\/posts\/7823\/revisions\/7825"}],"wp:featuredmedia":[{"embeddable":true,"href":"https:\/\/www.elgrillitosuena.com\/inicio\/wp-json\/wp\/v2\/media\/7824"}],"wp:attachment":[{"href":"https:\/\/www.elgrillitosuena.com\/inicio\/wp-json\/wp\/v2\/media?parent=7823"}],"wp:term":[{"taxonomy":"category","embeddable":true,"href":"https:\/\/www.elgrillitosuena.com\/inicio\/wp-json\/wp\/v2\/categories?post=7823"},{"taxonomy":"post_tag","embeddable":true,"href":"https:\/\/www.elgrillitosuena.com\/inicio\/wp-json\/wp\/v2\/tags?post=7823"}],"curies":[{"name":"wp","href":"https:\/\/api.w.org\/{rel}","templated":true}]}}