{"id":7681,"date":"2021-07-13T18:01:14","date_gmt":"2021-07-13T18:01:14","guid":{"rendered":"https:\/\/www.elgrillitosuena.com\/inicio\/?p=7681"},"modified":"2021-07-13T18:01:14","modified_gmt":"2021-07-13T18:01:14","slug":"tren-maya-sera-entregado-antes-del-2024-asegura-fonatur","status":"publish","type":"post","link":"https:\/\/www.elgrillitosuena.com\/inicio\/noticias\/mexico\/tren-maya-sera-entregado-antes-del-2024-asegura-fonatur\/","title":{"rendered":"Tren Maya ser\u00e1 entregado antes del 2024, asegura Fonatur"},"content":{"rendered":"<p><img decoding=\"async\" src=\"https:\/\/heraldodemexico.com.mx\/u\/fotografias\/m\/2021\/7\/13\/f960x540-395486_469561_0.jpg\" alt=\"Ante los eventos de la L\u00ednea 12 del metro de la CDMX, los protocolos de supervisi\u00f3n de esta obra se han reforzado. FOTO: ESPECIAL\" \/><\/p>\n<p>Pese a los se\u00f1alamientos y dificultades que se han registrado para su construcci\u00f3n, el<strong>\u00a0Tren Maya<\/strong>\u00a0sigue su acelerada construcci\u00f3n con miras a ser inaugurado antes de 2024;\u00a0sin embargo, en el proceso diversos factores han retrasado su desarrollo.<\/p>\n<p>En entrevista con\u00a0<strong>Adela Micha para Me Lo dijo Adela en El Heraldo TV,<\/strong>\u00a0 el Director General del\u00a0<strong>Fondo Nacional de Fomento al Turismo (Fonatur),<\/strong>\u00a0<strong>Rogelio Jim\u00e9nez Pons<\/strong>, detall\u00f3 los avances e inconvenientes que se han registrado en la construcci\u00f3n del Tren Maya.<\/p>\n<p>El funcionario federal reconoci\u00f3 que durante el\u00a0<strong>2020\u00a0<\/strong>se vivi\u00f3 un a\u00f1o dif\u00edcil no solo por la pandemia,\u00a0 sino que algunos fen\u00f3menos clim\u00e1ticos retrasaron la construcci\u00f3n de la magna hora, siendo que se registraron cuatro tormentas tropicales y dos huracanes, lo que indirectamente retras\u00f3 los avances de la obra.<\/p>\n<p>Pese a los contratiempos,\u00a0<strong>Jim\u00e9nez Pons<\/strong>, reiter\u00f3 que el\u00a0<strong>Tren Maya<\/strong>\u00a0debe ser entregado antes de 2024, por lo que se tiene la meta de que se concluya por mucho a finales de 2023.<\/p>\n<p>Sobre el avance del desarrollo, el titular de\u00a0<strong>Fonatur<\/strong>, explic\u00f3 que la obra consta de siete\u00a0 tramos, con m\u00e1s de mil 500 kil\u00f3metros, lo que representa una distancia similar a la que existe entre la\u00a0<strong>CDMX y Chihuahua<\/strong>; de momento se trabaja en cinco de siete tramos, siendo que a\u00fan est\u00e1n pendientes dos los cuales ser\u00e1n construidos por el ej\u00e9rcito.<\/p>\n<h2>\u00bfA que se ha debido el retraso de la obra?<\/h2>\n<p>Al ser cuestionado sobre los se\u00f1alamientos que apunta\u00a0 a que el retraso de la obra se debe a proyectos ejecutivos, el funcionario aclar\u00f3 que eso no tiene nada que ver, siendo m\u00e1s los cambios de ruta y otros factores los que han generado dichos retrasos.<\/p>\n<p>En ese sentido explic\u00f3 que en tramos como el que rodea a\u00a0<strong>M\u00e9rida<\/strong>, los hallazgos arqueol\u00f3gicos han sido impresionantes, motivo por el que no se ha podido construir a la velocidad que se ten\u00eda planeada.<\/p>\n<h2>Eventos de L12 del metro\u00a0 repercutieron en Tren Maya<\/h2>\n<p>Debido al tr\u00e1gico accidente que ocurri\u00f3 en las instalaciones de la\u00a0<strong>L\u00ednea 12 del metro en la Ciudad de M\u00e9xico,<\/strong>\u00a0la supervisi\u00f3n de la construcci\u00f3n del Tren Maya, ha sido reforzada y es un punto central en el desarrollo,<\/p>\n<p>Rogelio Jim\u00e9nez Pons, indic\u00f3 que este es un tema que se tiene presente y no se debe relajar la supervisi\u00f3n, incluso apunt\u00f3 que se ha actuado con doble cautela y\u00a0<strong>en algunos casos poniendo hasta cuatro columnas\u00a0reforzando la estructura.<\/strong><\/p>\n<p>De igual forma explic\u00f3 que se han mandado a hacer rieles al extranjero, ya se cuenta con una\u00a0<strong>empresa que va y revisa c\u00f3mo se est\u00e1 haciendo\u00a0<\/strong>e incluso c\u00f3mo ser\u00e1 transportado.<\/p>\n<h2>Tenemos los recursos necesarios<\/h2>\n<p>Finalmente al ser cuestionado sobre si la obra se ha encarecido por algunas de estas modificaciones\u00a0<strong>Rogelio Jim\u00e9nez Pons,<\/strong>\u00a0reconoci\u00f3 que s\u00ed se han elevado algunos costos, pero el\u00a0<strong>Fonatur\u00a0<\/strong>est\u00e1 confiado en que existan los recursos necesarios para concluir su construcci\u00f3n antes de los meses<strong>\u00a0finales de 2023.<\/strong><\/p>\n<p>Con informaci\u00f3n de Heraldo de M\u00e9xico<\/p>\n","protected":false},"excerpt":{"rendered":"<p>Pese a los se\u00f1alamientos y dificultades que se han registrado para su construcci\u00f3n, el\u00a0Tren Maya\u00a0sigue su acelerada construcci\u00f3n con miras a ser inaugurado antes de 2024;\u00a0sin embargo, en el proceso diversos factores han retrasado su desarrollo. En entrevista con\u00a0Adela Micha para Me Lo dijo Adela en El Heraldo TV,\u00a0 el Director General del\u00a0Fondo Nacional de &hellip;<\/p>\n","protected":false},"author":6,"featured_media":7682,"comment_status":"open","ping_status":"closed","sticky":false,"template":"","format":"standard","meta":[],"categories":[39],"tags":[98,1953,1554],"_links":{"self":[{"href":"https:\/\/www.elgrillitosuena.com\/inicio\/wp-json\/wp\/v2\/posts\/7681"}],"collection":[{"href":"https:\/\/www.elgrillitosuena.com\/inicio\/wp-json\/wp\/v2\/posts"}],"about":[{"href":"https:\/\/www.elgrillitosuena.com\/inicio\/wp-json\/wp\/v2\/types\/post"}],"author":[{"embeddable":true,"href":"https:\/\/www.elgrillitosuena.com\/inicio\/wp-json\/wp\/v2\/users\/6"}],"replies":[{"embeddable":true,"href":"https:\/\/www.elgrillitosuena.com\/inicio\/wp-json\/wp\/v2\/comments?post=7681"}],"version-history":[{"count":1,"href":"https:\/\/www.elgrillitosuena.com\/inicio\/wp-json\/wp\/v2\/posts\/7681\/revisions"}],"predecessor-version":[{"id":7683,"href":"https:\/\/www.elgrillitosuena.com\/inicio\/wp-json\/wp\/v2\/posts\/7681\/revisions\/7683"}],"wp:featuredmedia":[{"embeddable":true,"href":"https:\/\/www.elgrillitosuena.com\/inicio\/wp-json\/wp\/v2\/media\/7682"}],"wp:attachment":[{"href":"https:\/\/www.elgrillitosuena.com\/inicio\/wp-json\/wp\/v2\/media?parent=7681"}],"wp:term":[{"taxonomy":"category","embeddable":true,"href":"https:\/\/www.elgrillitosuena.com\/inicio\/wp-json\/wp\/v2\/categories?post=7681"},{"taxonomy":"post_tag","embeddable":true,"href":"https:\/\/www.elgrillitosuena.com\/inicio\/wp-json\/wp\/v2\/tags?post=7681"}],"curies":[{"name":"wp","href":"https:\/\/api.w.org\/{rel}","templated":true}]}}