{"id":7678,"date":"2021-07-13T17:55:46","date_gmt":"2021-07-13T17:55:46","guid":{"rendered":"https:\/\/www.elgrillitosuena.com\/inicio\/?p=7678"},"modified":"2021-07-13T17:55:46","modified_gmt":"2021-07-13T17:55:46","slug":"cierra-michoacan-el-primer-semestre-de-2021-con-cifras-negativas-en-generacion-de-empleos","status":"publish","type":"post","link":"https:\/\/www.elgrillitosuena.com\/inicio\/noticias\/michoacan\/cierra-michoacan-el-primer-semestre-de-2021-con-cifras-negativas-en-generacion-de-empleos\/","title":{"rendered":"Cierra Michoac\u00e1n el primer semestre de 2021 con cifras negativas en generaci\u00f3n de empleos"},"content":{"rendered":"<p><img decoding=\"async\" src=\"https:\/\/www.lavozdemichoacan.com.mx\/wp-content\/uploads\/2018\/09\/desempleo.jpg\" \/><\/p>\n<p>Cerr\u00f3 el estado Michoac\u00e1n el primer semestre del a\u00f1o con un balance negativo en materia de generaci\u00f3n de empleo, con mil 222 plazas formales perdidas durante el periodo que abarc\u00f3 de enero a junio.<\/p>\n<p>Las cifras del Instituto Mexicano del Seguro Social (IMSS) y la Secretar\u00eda del Trabajo y Previsi\u00f3n Social (STPS) presentaron, no obstante, un ligero respiro el pasado mes con la creaci\u00f3n de poco m\u00e1s de mil 700 plazas de trabajo, si bien la mayor\u00eda contin\u00faa siendo de car\u00e1cter eventual e insuficientes no s\u00f3lo para el balance anual, sino para el acumulado de la pandemia.<\/p>\n<p>Y es que desde que inici\u00f3 la contingencia sanitaria por la enfermedad del coronavirus (COVID-19), en marzo de 2020, y hasta el mes de junio de 2021 Michoac\u00e1n sigue sin poder darle la vuelta al cierre de empresas y despidos, por lo que cuenta con un d\u00e9ficit de 7 mil 839 empleos formales.<\/p>\n<p>Las expectativas de la actual administraci\u00f3n estatal, en espec\u00edfico de la Secretar\u00eda de Desarrollo Econ\u00f3mico (Sedeco) de que la entidad pudiera cerrar el a\u00f1o con 20 mil plazas formales nuevas lucen ahora muy lejanas, en un contexto donde pese a la mayor apertura de negocios y la reactivaci\u00f3n econ\u00f3mica, esto no se ha visto del todo reflejada en un buen n\u00famero de estados, entre ellos Michoac\u00e1n.<\/p>\n<p>Pr\u00e1cticamente todos los sectores, desde los servicios tur\u00edsticos hasta la construcci\u00f3n, pasando por manufacturas y comercio, manifiestan que la tendencia de recuperaci\u00f3n existe, pero es irregular, adem\u00e1s de que contin\u00faa la amenaza de un nuevo acotamiento de horarios y aforos ante lo que parece ser la tercera ola de contagios de la COVID-19.<\/p>\n<p>Bajo este escenario, la recuperaci\u00f3n de la generaci\u00f3n de empleo a un ritmo estable pasar\u00e1 a ser parte de los retos que enfrentar\u00e1 la administraci\u00f3n del gobierno estatal entrante, encabezado por Alfredo Ram\u00edrez Bedolla, quien desde campa\u00f1a comprometi\u00f3 esfuerzos espec\u00edficos para atender a todos los sectores econ\u00f3micos afectados por la pandemia, que ya se ha extendido pr\u00e1cticamente 16 meses y amenaza con mantenerse el resto del a\u00f1o como un obst\u00e1culo para las finanzas p\u00fablicas y privadas.<\/p>\n<p>Cifras como las de junio han sido calificadas por el Colegio de Economistas del Estado de Michoac\u00e1n (CEEM) como s\u00edntomas \u201cendebles\u201d de una recuperaci\u00f3n econ\u00f3mica que, en un pa\u00eds tan diverso como el nuestro tambi\u00e9n se est\u00e1 dando a diferentes velocidades.<\/p>\n<p>Heliodoro Gil Corona, coordinador de Proyectos Estrat\u00e9gicos del CEEM, refiri\u00f3 sobre esta problem\u00e1tica que ni siquiera se trata de un problema netamente nuevo, ya que el estado sufr\u00eda desde 2018 una desaceleraci\u00f3n en la generaci\u00f3n de plazas formales. \u201cLa pandemia de COVID-19 en 2020 dio la puntilla a la reducci\u00f3n que se ven\u00eda observando en el mercado de trabajo formal de Michoac\u00e1n en los tres \u00faltimos a\u00f1os\u201d, apunt\u00f3.<\/p>\n<figure class=\"wp-block-image\"><img class=\"tie-appear\" alt=\"\" \/><\/figure>\n<h2><strong>No se soluciona con abrir negocios<\/strong><\/h2>\n<p>La fuerte contracci\u00f3n del mercado de trabajo formal en Michoac\u00e1n desde que inici\u00f3 la pandemia se explica por varias razones, de acuerdo con el tambi\u00e9n investigador de la Universidad Michoacana de San Nicol\u00e1s de Hidalgo (UMSNH): un alto costo econ\u00f3mico del confinamiento, la lenta apertura de las actividades productivas y la elevada p\u00e9rdida de empleos sufrida en meses pasados, principalmente en mayo de 2020.<\/p>\n<p>\u201cEl resultado de las p\u00e9rdidas registradas se agudiza al revisar la composici\u00f3n del empleo reportado el a\u00f1o pasado; la ocupaci\u00f3n permanente que propicia mayor estabilidad en el mercado de trabajo local report\u00f3 una p\u00e9rdida mayor\u201d, asever\u00f3 el especialista, tesis que soportan las cifras del STPS y el IMSS, ya que, en junio, de los mil 737 nuevos empleos s\u00f3lo 400 correspondieron a contratos indefinidos.<\/p>\n<p>Explica el especialista que la actual problem\u00e1tica ya no s\u00f3lo se trata de bajar y subir la cortina de los negocios, sino de problemas mucho m\u00e1s profundos que no se resolver\u00e1n de la noche a la ma\u00f1ana. \u201cEl camino de la recuperaci\u00f3n, sobre todo de las micros y peque\u00f1as empresas, ser\u00e1 escabroso, deber\u00e1n hacer frente a pasivos operativos, solventar deudas con proveedores y bancos, pagar renta, cubrir seguridad social, pagar impuestos y retomar mercado, entre otros obligaciones y necesidades\u201d, ataj\u00f3.<\/p>\n<p>\u201cEl recuento de los da\u00f1os en Michoac\u00e1n fueron desastrosos, empero, 2021 no parece ser distinto: las primeras se\u00f1ales que se observan en el trabajo formal apuntan a que prevalecer\u00e1n condiciones cr\u00edticas de empleo\u201d, concluy\u00f3.<\/p>\n<p>Con informaci\u00f3n de La Voz de Michoac\u00e1n<\/p>\n","protected":false},"excerpt":{"rendered":"<p>Cerr\u00f3 el estado Michoac\u00e1n el primer semestre del a\u00f1o con un balance negativo en materia de generaci\u00f3n de empleo, con mil 222 plazas formales perdidas durante el periodo que abarc\u00f3 de enero a junio. Las cifras del Instituto Mexicano del Seguro Social (IMSS) y la Secretar\u00eda del Trabajo y Previsi\u00f3n Social (STPS) presentaron, no obstante, &hellip;<\/p>\n","protected":false},"author":6,"featured_media":7679,"comment_status":"open","ping_status":"closed","sticky":false,"template":"","format":"standard","meta":[],"categories":[38],"tags":[1952,1890,56],"_links":{"self":[{"href":"https:\/\/www.elgrillitosuena.com\/inicio\/wp-json\/wp\/v2\/posts\/7678"}],"collection":[{"href":"https:\/\/www.elgrillitosuena.com\/inicio\/wp-json\/wp\/v2\/posts"}],"about":[{"href":"https:\/\/www.elgrillitosuena.com\/inicio\/wp-json\/wp\/v2\/types\/post"}],"author":[{"embeddable":true,"href":"https:\/\/www.elgrillitosuena.com\/inicio\/wp-json\/wp\/v2\/users\/6"}],"replies":[{"embeddable":true,"href":"https:\/\/www.elgrillitosuena.com\/inicio\/wp-json\/wp\/v2\/comments?post=7678"}],"version-history":[{"count":1,"href":"https:\/\/www.elgrillitosuena.com\/inicio\/wp-json\/wp\/v2\/posts\/7678\/revisions"}],"predecessor-version":[{"id":7680,"href":"https:\/\/www.elgrillitosuena.com\/inicio\/wp-json\/wp\/v2\/posts\/7678\/revisions\/7680"}],"wp:featuredmedia":[{"embeddable":true,"href":"https:\/\/www.elgrillitosuena.com\/inicio\/wp-json\/wp\/v2\/media\/7679"}],"wp:attachment":[{"href":"https:\/\/www.elgrillitosuena.com\/inicio\/wp-json\/wp\/v2\/media?parent=7678"}],"wp:term":[{"taxonomy":"category","embeddable":true,"href":"https:\/\/www.elgrillitosuena.com\/inicio\/wp-json\/wp\/v2\/categories?post=7678"},{"taxonomy":"post_tag","embeddable":true,"href":"https:\/\/www.elgrillitosuena.com\/inicio\/wp-json\/wp\/v2\/tags?post=7678"}],"curies":[{"name":"wp","href":"https:\/\/api.w.org\/{rel}","templated":true}]}}