{"id":7675,"date":"2021-07-13T17:13:07","date_gmt":"2021-07-13T17:13:07","guid":{"rendered":"https:\/\/www.elgrillitosuena.com\/inicio\/?p=7675"},"modified":"2021-07-13T17:13:07","modified_gmt":"2021-07-13T17:13:07","slug":"inauguran-la-villa-olimpica-coi-elogia-a-tokio","status":"publish","type":"post","link":"https:\/\/www.elgrillitosuena.com\/inicio\/noticias\/deportes\/inauguran-la-villa-olimpica-coi-elogia-a-tokio\/","title":{"rendered":"Inauguran la Villa Ol\u00edmpica; COI elogia a Tokio"},"content":{"rendered":"<p><img decoding=\"async\" src=\"https:\/\/cdn2.excelsior.com.mx\/media\/styles\/grande\/public\/pictures\/2021\/07\/13\/2609893.jpg\" alt=\"Los primeros deportistas comenzaron a llegar a la Villa Ol\u00edmpica (Fotos: Reuters)\" \/><\/p>\n<p>El presidente del\u00a0<a href=\"https:\/\/olympics.com\/en\/\" target=\"_blank\" rel=\"nofollow noopener noreferrer\">Comit\u00e9 Ol\u00edmpico Internacional<\/a>\u00a0(COI),\u00a0<strong>Thomas Bach<\/strong>, calific\u00f3 a Tokio como la ciudad anfitriona &#8220;<strong>mejor preparada de todos los tiempos<\/strong>&#8221; en los Juegos, en la\u00a0<strong>apertura de la Villa Ol\u00edmpica<\/strong>, diez d\u00edas antes de la inauguraci\u00f3n oficial de los Juegos (23 de julio-8 agosto).<\/p>\n<p>Varias medidas draconianas fueron implantadas para estos Juegos, que tendr\u00e1n lugar en Tokio a puerta cerrada para limitar los riesgos de propagaci\u00f3n del\u00a0<strong>covid-19<\/strong>.<\/p>\n<p>Bach, que lleg\u00f3 a Jap\u00f3n la semana pasada y que pas\u00f3 tres d\u00edas en cuarentena, declar\u00f3 a la presidenta de Tokio-2020, Seiko Hashimoto, que los organizadores hac\u00edan &#8220;un trabajo fant\u00e1stico&#8221;.<\/p>\n<p><img decoding=\"async\" src=\"https:\/\/cdn2.excelsior.com.mx\/media\/styles\/imagen-embed-nota\/public\/inside-the-note\/pictures\/2021\/07\/13\/villa-olimpica-tokio-apertura-1307215.jpg\" \/><\/p>\n<blockquote><p>Ustedes han logrado hacer de Tokio la ciudad mejor preparada de todos los tiempos para unos\u00a0<a href=\"https:\/\/www.excelsior.com.mx\/adrenalina\/juegos-olimpicos-tokio-2020\" target=\"_blank\" rel=\"noopener noreferrer\">Juegos Ol\u00edmpicos<\/a>&#8220;, afirm\u00f3, a\u00f1adiendo: &#8220;Es a\u00fan m\u00e1s destacable en las circunstancias dif\u00edciles a las que todos tenemos hacer frente&#8221;.<\/p><\/blockquote>\n<p>Bach y Hashimoto se reunieron mientras los primeros deportistas comenzaban a llegar a la Villa ol\u00edmpica, que\u00a0<strong>abri\u00f3 sus puertas este martes sin ceremonia ni impacto medi\u00e1tico<\/strong>.<\/p>\n<p>Los organizadores rechazaron precisar qu\u00e9 equipos entraron en la Villa ol\u00edmpica y el n\u00famero de deportistas que ya se hallan hospedados en el recinto.<\/p>\n<p>Seg\u00fan las estrictas reglas, los deportistas\u00a0<strong>s\u00f3lo pueden entrar en la Villa cinco d\u00edas antes de sus pruebas<\/strong>, y\u00a0<strong>deben abandonarla en las 48 horas siguientes a la finalizaci\u00f3n de sus competiciones.<\/strong><\/p>\n<p>Es tiempo &#8220;de mostrar lo mejor de ustedes mismos, lo que se han preparado durante tanto tiempo&#8221;, dijo Bach a los deportistas.<\/p>\n<p>A diez d\u00edas de la apertura de los Juegos Ol\u00edmpicos, Tokio se halla de nuevo bajo el\u00a0<strong>estado de emergencia sanitaria\u00a0<\/strong>por temor a un aumento del n\u00famero de casos de covid-19.<\/p>\n<p>Deportistas, entrenadores, jueces y periodistas se someter\u00e1n a test<strong>\u00a0PCR regulares\u00a0<\/strong>y sus desplazamientos ser\u00e1n limitados.<\/p>\n<p>Varias encuestas indicaron estos \u00faltimos meses que la mayor\u00eda de los japoneses prefer\u00edan que los Juegos sean de nuevo aplazados o simplemente cancelados.<\/p>\n<p>Con informaci\u00f3n de Excelsior<\/p>\n","protected":false},"excerpt":{"rendered":"<p>El presidente del\u00a0Comit\u00e9 Ol\u00edmpico Internacional\u00a0(COI),\u00a0Thomas Bach, calific\u00f3 a Tokio como la ciudad anfitriona &#8220;mejor preparada de todos los tiempos&#8221; en los Juegos, en la\u00a0apertura de la Villa Ol\u00edmpica, diez d\u00edas antes de la inauguraci\u00f3n oficial de los Juegos (23 de julio-8 agosto). Varias medidas draconianas fueron implantadas para estos Juegos, que tendr\u00e1n lugar en Tokio &hellip;<\/p>\n","protected":false},"author":6,"featured_media":7676,"comment_status":"open","ping_status":"closed","sticky":false,"template":"","format":"standard","meta":[],"categories":[45],"tags":[477,1796,1451],"_links":{"self":[{"href":"https:\/\/www.elgrillitosuena.com\/inicio\/wp-json\/wp\/v2\/posts\/7675"}],"collection":[{"href":"https:\/\/www.elgrillitosuena.com\/inicio\/wp-json\/wp\/v2\/posts"}],"about":[{"href":"https:\/\/www.elgrillitosuena.com\/inicio\/wp-json\/wp\/v2\/types\/post"}],"author":[{"embeddable":true,"href":"https:\/\/www.elgrillitosuena.com\/inicio\/wp-json\/wp\/v2\/users\/6"}],"replies":[{"embeddable":true,"href":"https:\/\/www.elgrillitosuena.com\/inicio\/wp-json\/wp\/v2\/comments?post=7675"}],"version-history":[{"count":1,"href":"https:\/\/www.elgrillitosuena.com\/inicio\/wp-json\/wp\/v2\/posts\/7675\/revisions"}],"predecessor-version":[{"id":7677,"href":"https:\/\/www.elgrillitosuena.com\/inicio\/wp-json\/wp\/v2\/posts\/7675\/revisions\/7677"}],"wp:featuredmedia":[{"embeddable":true,"href":"https:\/\/www.elgrillitosuena.com\/inicio\/wp-json\/wp\/v2\/media\/7676"}],"wp:attachment":[{"href":"https:\/\/www.elgrillitosuena.com\/inicio\/wp-json\/wp\/v2\/media?parent=7675"}],"wp:term":[{"taxonomy":"category","embeddable":true,"href":"https:\/\/www.elgrillitosuena.com\/inicio\/wp-json\/wp\/v2\/categories?post=7675"},{"taxonomy":"post_tag","embeddable":true,"href":"https:\/\/www.elgrillitosuena.com\/inicio\/wp-json\/wp\/v2\/tags?post=7675"}],"curies":[{"name":"wp","href":"https:\/\/api.w.org\/{rel}","templated":true}]}}