{"id":7672,"date":"2021-07-13T16:59:58","date_gmt":"2021-07-13T16:59:58","guid":{"rendered":"https:\/\/www.elgrillitosuena.com\/inicio\/?p=7672"},"modified":"2021-07-13T16:59:58","modified_gmt":"2021-07-13T16:59:58","slug":"reitera-lopez-obrador-que-bloqueo-a-cuba-viola-los-dh","status":"publish","type":"post","link":"https:\/\/www.elgrillitosuena.com\/inicio\/noticias\/mundo\/reitera-lopez-obrador-que-bloqueo-a-cuba-viola-los-dh\/","title":{"rendered":"Reitera L\u00f3pez Obrador que bloqueo a Cuba viola los DH"},"content":{"rendered":"<p><img decoding=\"async\" src=\"https:\/\/cdn2.excelsior.com.mx\/media\/styles\/image800x600\/public\/pictures\/2021\/07\/13\/2609930.jpg\" \/><\/p>\n<p>El presidente Andr\u00e9s Manuel L\u00f3pez Obrador reiter\u00f3 su desacuerdo al bloqueo econ\u00f3mico a Cuba, pues consider\u00f3 que esto es \u201ces violatorio a los Derechos Humanos y contrario a la fraternidad universal\u201d.<\/p>\n<p>Desde Palacio Nacional, el mandatario record\u00f3 que pese a que la mayor\u00eda de los pa\u00edses representados en las asambleas de la ONU vota en contra del embargo de Estados Unidos contra la Isla, \u00e9ste se mantiene.<\/p>\n<p>\u201cConsideramos que no debe haber bloqueo. Es interesante porque en la ONU, cuando se trata este asunto, la inmensa mayor\u00eda de los pa\u00edses vota en contra del bloqueo,\u00a0 pero una mayor\u00eda muy significativa, entonces son pocos los que votan a favor y como son votos que no s\u00f3lo cuentan, sino que pesan, se convierten en vetos y por eso no procede el que la mayor\u00eda est\u00e9 a favor de quitar el bloqueo\u201d, dijo.<\/p>\n<p>Cabe destacar que el pasado 23 de junio, una nueva resoluci\u00f3n que pide el fin del bloqueo se suma a las 28 adoptadas anualmente desde 1992.<\/p>\n<p>Lo anterior luego de que en la\u00a0<strong><a href=\"https:\/\/news.un.org\/es\/story\/2021\/06\/1493662\" target=\"_blank\" rel=\"nofollow noopener noreferrer\">Asamblea General de las Naciones, con 184 votos a favor,<\/a><\/strong>\u00a0con Estados Unidos e Israel en contra y las abstenciones de Colombia, Brasil y Ucrania, se pronunci\u00f3 de nueva cuenta para rechazar el bloqueo a Cuba.<\/p>\n<p>De acuerdo con el ministro de Relaciones Exteriores de Cuba, Bruno Rodr\u00edguez Parrilla,\u00a0entre abril de 2019 y diciembre de 2020, en plena pandemia, el bloqueo caus\u00f3 da\u00f1os por 9 mil 157 millones de d\u00f3lares a aprecios corrientes; en tanto, las afectaciones ocasionadas en m\u00e1s de 60 a\u00f1os suman 147 mil 853 millones de d\u00f3lares.<\/p>\n<p>Por lo anterior, L\u00f3pez Obrador llam\u00f3 a quienes se oponen a levantar el bloqueo a Cuba a reflexionar sobre esto, ya que la medida es violatoria de los Derechos Humanos.<\/p>\n<blockquote><p>Considero que quienes se oponen a quitar el bloqueo deber\u00edan reflexionar sobre eso, porque no se debe aislar a nadie ni cercar a nadie, tiene que haber libertad plena y no se debe actuar de esa\u00a0 forma, dir\u00eda que es violatorio a los DH y contrario a la fraternidad universal\u201d, sostuvo.<\/p><\/blockquote>\n<p>Reiter\u00f3 adem\u00e1s su llamado a que no haya injerencias en el conflicto de Cuba, que se respeten los principios de autodeterminaci\u00f3n de los pueblos y que se impulsen soluciones pac\u00edficas.<\/p>\n<h3>\u00bfQU\u00c9 ES EL BLOQUEO A CUBA?<\/h3>\n<p>Las primeras sanciones econ\u00f3micas que Estados Unidos impuso a Cuba fueron en 1960 con el freno a las importaciones de ca\u00f1a de az\u00facar desde el pa\u00eds caribe\u00f1o; no obstante, durante el mandato de John F. Kennedy, en 1962, el embargo se formaliz\u00f3 y a lo largo de los a\u00f1os no s\u00f3lo se abarca lo financiero, tambi\u00e9n el comercio y lo econ\u00f3mico.<\/p>\n<p>Lo que significa este embargo econ\u00f3mico a la Isla es que existe una restricci\u00f3n en la compra y venta de mercanc\u00edas; asimismo proh\u00edbe a empresas estadunidenses invertir en esa naci\u00f3n.<\/p>\n<p>Adem\u00e1s incluye una limitaci\u00f3n de las transacciones de Cuba con otras naciones debido a que \u00e9ste no puede usar d\u00f3lares para el comercio, medida que fue criticada por L\u00f3pez Obrador esta ma\u00f1ana.<\/p>\n<p>Con informaci\u00f3n de Excelsior<\/p>\n","protected":false},"excerpt":{"rendered":"<p>El presidente Andr\u00e9s Manuel L\u00f3pez Obrador reiter\u00f3 su desacuerdo al bloqueo econ\u00f3mico a Cuba, pues consider\u00f3 que esto es \u201ces violatorio a los Derechos Humanos y contrario a la fraternidad universal\u201d. Desde Palacio Nacional, el mandatario record\u00f3 que pese a que la mayor\u00eda de los pa\u00edses representados en las asambleas de la ONU vota en &hellip;<\/p>\n","protected":false},"author":6,"featured_media":7673,"comment_status":"open","ping_status":"closed","sticky":false,"template":"","format":"standard","meta":[],"categories":[40],"tags":[98,1939,156,260],"_links":{"self":[{"href":"https:\/\/www.elgrillitosuena.com\/inicio\/wp-json\/wp\/v2\/posts\/7672"}],"collection":[{"href":"https:\/\/www.elgrillitosuena.com\/inicio\/wp-json\/wp\/v2\/posts"}],"about":[{"href":"https:\/\/www.elgrillitosuena.com\/inicio\/wp-json\/wp\/v2\/types\/post"}],"author":[{"embeddable":true,"href":"https:\/\/www.elgrillitosuena.com\/inicio\/wp-json\/wp\/v2\/users\/6"}],"replies":[{"embeddable":true,"href":"https:\/\/www.elgrillitosuena.com\/inicio\/wp-json\/wp\/v2\/comments?post=7672"}],"version-history":[{"count":1,"href":"https:\/\/www.elgrillitosuena.com\/inicio\/wp-json\/wp\/v2\/posts\/7672\/revisions"}],"predecessor-version":[{"id":7674,"href":"https:\/\/www.elgrillitosuena.com\/inicio\/wp-json\/wp\/v2\/posts\/7672\/revisions\/7674"}],"wp:featuredmedia":[{"embeddable":true,"href":"https:\/\/www.elgrillitosuena.com\/inicio\/wp-json\/wp\/v2\/media\/7673"}],"wp:attachment":[{"href":"https:\/\/www.elgrillitosuena.com\/inicio\/wp-json\/wp\/v2\/media?parent=7672"}],"wp:term":[{"taxonomy":"category","embeddable":true,"href":"https:\/\/www.elgrillitosuena.com\/inicio\/wp-json\/wp\/v2\/categories?post=7672"},{"taxonomy":"post_tag","embeddable":true,"href":"https:\/\/www.elgrillitosuena.com\/inicio\/wp-json\/wp\/v2\/tags?post=7672"}],"curies":[{"name":"wp","href":"https:\/\/api.w.org\/{rel}","templated":true}]}}