{"id":7502,"date":"2021-07-07T15:13:49","date_gmt":"2021-07-07T15:13:49","guid":{"rendered":"https:\/\/www.elgrillitosuena.com\/inicio\/?p=7502"},"modified":"2021-07-07T15:13:49","modified_gmt":"2021-07-07T15:13:49","slug":"desempleo-en-jovenes-de-mexico-se-agudiza-tienen-contratos-inestables-ocde","status":"publish","type":"post","link":"https:\/\/www.elgrillitosuena.com\/inicio\/noticias\/mexico\/desempleo-en-jovenes-de-mexico-se-agudiza-tienen-contratos-inestables-ocde\/","title":{"rendered":"Desempleo en j\u00f3venes de M\u00e9xico se agudiza, tienen contratos inestables: OCDE"},"content":{"rendered":"<p><img decoding=\"async\" src=\"https:\/\/heraldodemexico.com.mx\/u\/fotografias\/m\/2021\/6\/15\/f960x540-384593_458668_0.jpg\" alt=\"Para la OCDE, los j\u00f3venes en M\u00e9xico tienen los contratos con menos estabilidad y, sumado a la pandemia, hay m\u00e1s desempleo.  Foto: Am\u00e9rica Solidaria\n\" \/><\/p>\n<p>El desempleo por la crisis sanitaria golpe\u00f3 desproporcionadamente a los\u00a0<strong>j\u00f3venes en M\u00e9xico,<\/strong>\u00a0ya que tienen contratos menos estables y es de los sectores m\u00e1s afectados, destac\u00f3 la\u00a0<strong>Organizaci\u00f3n para la Cooperaci\u00f3n y el Desarrollo Econ\u00f3micos (OCDE)<\/strong>.<\/p>\n<p>De acuerdo con el Informe de las perspectivas de empleo de la OCDE para 2021, en el segundo trimestre del a\u00f1o pasado, la disminuci\u00f3n de horas trabajadas de los j\u00f3venes del pa\u00eds de entre 15 y 24 a\u00f1os se explic\u00f3 en 85 por ciento por el desempleo.<\/p>\n<p>La OCDE destaca que M\u00e9xico implement\u00f3 pocas pol\u00edticas activas de empleo, y en ausencia de \u00e9stas, el ingreso bruto disminuy\u00f3 casi 11 por ciento, una de las mayores ca\u00eddas observadas en el organismo.<\/p>\n<p>La OCDE enfatiz\u00f3 que M\u00e9xico implement\u00f3 pocas pol\u00edticas activas de empleo, y en ausencia de \u00e9stas, el ingreso bruto disminuy\u00f3 casi 11 por ciento, una de las mayores ca\u00eddas observadas en el organismo.<\/p>\n<p>Refiri\u00f3 que, a marzo de este a\u00f1o, las horas trabajadas en M\u00e9xico segu\u00edan siendo casi 10 por ciento menos que antes de la crisis, por lo que recomienda reconsiderar el gasto. Inform\u00f3 que los pa\u00edses latinoamericanos siguen lidiando con altas tasas de COVID-19 y se espera que muchos tarden varios a\u00f1os en recuperar los niveles de empleo prepandemia.<\/p>\n<p>El organismo se\u00f1al\u00f3 que, en mayo de 2021, la tasa de desempleo promedio en los pa\u00edses que lo integran fue 6.6 por ciento, lo que significa que hay ocho millones m\u00e1s de desempleados que antes de la pandemia.<\/p>\n<p>\u201cMuchos de los que se retiraron del mercado laboral por miedo al contagio o para cuidar familiares, est\u00e1n volviendo a buscar activamente un empleo, pero todav\u00eda hay 22 millones m\u00e1s de desempleados en marzo de 2021 que a finales de 2019\u201d, refiere el reporte.<\/p>\n<p>Con informaci\u00f3n de Heraldo de M\u00e9xico<\/p>\n","protected":false},"excerpt":{"rendered":"<p>El desempleo por la crisis sanitaria golpe\u00f3 desproporcionadamente a los\u00a0j\u00f3venes en M\u00e9xico,\u00a0ya que tienen contratos menos estables y es de los sectores m\u00e1s afectados, destac\u00f3 la\u00a0Organizaci\u00f3n para la Cooperaci\u00f3n y el Desarrollo Econ\u00f3micos (OCDE). De acuerdo con el Informe de las perspectivas de empleo de la OCDE para 2021, en el segundo trimestre del a\u00f1o &hellip;<\/p>\n","protected":false},"author":6,"featured_media":7505,"comment_status":"open","ping_status":"closed","sticky":false,"template":"","format":"standard","meta":[],"categories":[39],"tags":[1890,1008,1889],"_links":{"self":[{"href":"https:\/\/www.elgrillitosuena.com\/inicio\/wp-json\/wp\/v2\/posts\/7502"}],"collection":[{"href":"https:\/\/www.elgrillitosuena.com\/inicio\/wp-json\/wp\/v2\/posts"}],"about":[{"href":"https:\/\/www.elgrillitosuena.com\/inicio\/wp-json\/wp\/v2\/types\/post"}],"author":[{"embeddable":true,"href":"https:\/\/www.elgrillitosuena.com\/inicio\/wp-json\/wp\/v2\/users\/6"}],"replies":[{"embeddable":true,"href":"https:\/\/www.elgrillitosuena.com\/inicio\/wp-json\/wp\/v2\/comments?post=7502"}],"version-history":[{"count":1,"href":"https:\/\/www.elgrillitosuena.com\/inicio\/wp-json\/wp\/v2\/posts\/7502\/revisions"}],"predecessor-version":[{"id":7506,"href":"https:\/\/www.elgrillitosuena.com\/inicio\/wp-json\/wp\/v2\/posts\/7502\/revisions\/7506"}],"wp:featuredmedia":[{"embeddable":true,"href":"https:\/\/www.elgrillitosuena.com\/inicio\/wp-json\/wp\/v2\/media\/7505"}],"wp:attachment":[{"href":"https:\/\/www.elgrillitosuena.com\/inicio\/wp-json\/wp\/v2\/media?parent=7502"}],"wp:term":[{"taxonomy":"category","embeddable":true,"href":"https:\/\/www.elgrillitosuena.com\/inicio\/wp-json\/wp\/v2\/categories?post=7502"},{"taxonomy":"post_tag","embeddable":true,"href":"https:\/\/www.elgrillitosuena.com\/inicio\/wp-json\/wp\/v2\/tags?post=7502"}],"curies":[{"name":"wp","href":"https:\/\/api.w.org\/{rel}","templated":true}]}}