{"id":7499,"date":"2021-07-07T15:04:24","date_gmt":"2021-07-07T15:04:24","guid":{"rendered":"https:\/\/www.elgrillitosuena.com\/inicio\/?p=7499"},"modified":"2021-07-07T15:04:24","modified_gmt":"2021-07-07T15:04:24","slug":"lopez-obrador-rinde-homenaje-a-jovenel-moise-presidente-de-haiti-asesinado","status":"publish","type":"post","link":"https:\/\/www.elgrillitosuena.com\/inicio\/noticias\/mexico\/lopez-obrador-rinde-homenaje-a-jovenel-moise-presidente-de-haiti-asesinado\/","title":{"rendered":"L\u00f3pez Obrador rinde homenaje a Jovenel Mo\u00efse, presidente de Hait\u00ed asesinado"},"content":{"rendered":"<p><img decoding=\"async\" src=\"https:\/\/cdn2.excelsior.com.mx\/media\/styles\/image800x600\/public\/pictures\/2021\/07\/07\/2607121.jpg\" \/><\/p>\n<p>Al recordar que el presidente Hait\u00ed, Jovenel Mo\u00efse, y su esposa, Martine Mo\u00efse, vinieron a su toma de posesi\u00f3n de la presidencia de M\u00e9xico, Andr\u00e9s Manuel L\u00f3pez Obrador lament\u00f3 el asesinato de su hom\u00f3logo.<\/p>\n<p>En conferencia en Palacio Nacional, el mandatario envi\u00f3 sus condolencias al pueblo haitiano por el crimen del que fue v\u00edctima Juvenal Mo\u00efse y su esposa durante esta madrugada en un ataque a su residencia privada.<\/p>\n<p>\u201cEl presidente (Juvenal Mo\u00efse) estuvo en el acto de toma de posesi\u00f3n cuando asum\u00ed la presidencia de M\u00e9xico, recientemente. Esto que sucedi\u00f3 es muy lamentable. Le rendimos un homenaje el pueblo y el gobierno de M\u00e9xico\u201d, expres\u00f3.<\/p>\n<p>L\u00f3pez Obrador inform\u00f3 adem\u00e1s que M\u00e9xico estaba por enviar 150 mil dosis de vacunas contra Covid-19 a Hait\u00ed \u201cque es un pueblo pobre y muy necesitado de la ayuda internacional\u201d.<\/p>\n<p>\u201cLe rendimos un homenaje, el pueblo y el Gobierno de M\u00e9xico\u201d, expres\u00f3 el mandatario mexicano mientras mostraba una fotograf\u00eda con Jovenal y Martine, a lado de su esposa la historia Beatriz Guti\u00e9rrez M\u00fcller, en Palacio Nacional.<\/p>\n<p>De acuerdo con el primer ministro de Hait\u00ed, Claude Joseph, Martine Mo\u00efse se encuentra hospitalizada tras el ataque.<\/p>\n<p>Minutos antes, el secretario de Relaciones Exteriores, Marcelo Ebrard, as\u00ed como el subsecretario para Am\u00e9rica Latina y el Caribe, Maximiliano Reyes Z\u00fa\u00f1iga, tambi\u00e9n lamentaron el homicidio del presidente de Hait\u00ed y expresaron las condolencias a nombre de M\u00e9xico.<\/p>\n<p>Con informaci\u00f3n de Excelsior<\/p>\n","protected":false},"excerpt":{"rendered":"<p>Al recordar que el presidente Hait\u00ed, Jovenel Mo\u00efse, y su esposa, Martine Mo\u00efse, vinieron a su toma de posesi\u00f3n de la presidencia de M\u00e9xico, Andr\u00e9s Manuel L\u00f3pez Obrador lament\u00f3 el asesinato de su hom\u00f3logo. En conferencia en Palacio Nacional, el mandatario envi\u00f3 sus condolencias al pueblo haitiano por el crimen del que fue v\u00edctima Juvenal &hellip;<\/p>\n","protected":false},"author":6,"featured_media":7500,"comment_status":"open","ping_status":"closed","sticky":false,"template":"","format":"standard","meta":[],"categories":[39],"tags":[98,1888,1886,1887],"_links":{"self":[{"href":"https:\/\/www.elgrillitosuena.com\/inicio\/wp-json\/wp\/v2\/posts\/7499"}],"collection":[{"href":"https:\/\/www.elgrillitosuena.com\/inicio\/wp-json\/wp\/v2\/posts"}],"about":[{"href":"https:\/\/www.elgrillitosuena.com\/inicio\/wp-json\/wp\/v2\/types\/post"}],"author":[{"embeddable":true,"href":"https:\/\/www.elgrillitosuena.com\/inicio\/wp-json\/wp\/v2\/users\/6"}],"replies":[{"embeddable":true,"href":"https:\/\/www.elgrillitosuena.com\/inicio\/wp-json\/wp\/v2\/comments?post=7499"}],"version-history":[{"count":1,"href":"https:\/\/www.elgrillitosuena.com\/inicio\/wp-json\/wp\/v2\/posts\/7499\/revisions"}],"predecessor-version":[{"id":7501,"href":"https:\/\/www.elgrillitosuena.com\/inicio\/wp-json\/wp\/v2\/posts\/7499\/revisions\/7501"}],"wp:featuredmedia":[{"embeddable":true,"href":"https:\/\/www.elgrillitosuena.com\/inicio\/wp-json\/wp\/v2\/media\/7500"}],"wp:attachment":[{"href":"https:\/\/www.elgrillitosuena.com\/inicio\/wp-json\/wp\/v2\/media?parent=7499"}],"wp:term":[{"taxonomy":"category","embeddable":true,"href":"https:\/\/www.elgrillitosuena.com\/inicio\/wp-json\/wp\/v2\/categories?post=7499"},{"taxonomy":"post_tag","embeddable":true,"href":"https:\/\/www.elgrillitosuena.com\/inicio\/wp-json\/wp\/v2\/tags?post=7499"}],"curies":[{"name":"wp","href":"https:\/\/api.w.org\/{rel}","templated":true}]}}