{"id":7414,"date":"2021-07-02T16:06:34","date_gmt":"2021-07-02T16:06:34","guid":{"rendered":"https:\/\/www.elgrillitosuena.com\/inicio\/?p=7414"},"modified":"2021-07-02T16:06:34","modified_gmt":"2021-07-02T16:06:34","slug":"estos-son-los-horarios-de-apertura-del-tramo-cerrado-en-la-autopista-patzcuaro-lazaro-cardenas","status":"publish","type":"post","link":"https:\/\/www.elgrillitosuena.com\/inicio\/noticias\/michoacan\/estos-son-los-horarios-de-apertura-del-tramo-cerrado-en-la-autopista-patzcuaro-lazaro-cardenas\/","title":{"rendered":"Estos son los horarios de apertura del tramo cerrado en la Autopista P\u00e1tzcuaro-L\u00e1zaro C\u00e1rdenas"},"content":{"rendered":"<p><img decoding=\"async\" src=\"https:\/\/www.lavozdemichoacan.com.mx\/wp-content\/uploads\/2021\/06\/Se-mantendr%C3%A1-cierre-del-tramo-Uruapan-Nueva-Italia-en-autopista-Siglo-XXI-5.jpg\" \/><\/p>\n<p>El Centro de la Secretar\u00eda de Comunicaciones y Transportes (SCT) en Michoac\u00e1n inform\u00f3 el horario de apertura del kil\u00f3metro 148 de la Autopista P\u00e1tzcuaro-L\u00e1zaro C\u00e1rdenas, solo el viernes 2 de julio 2021.<\/p>\n<p><strong>L\u00e1zaro C\u00e1rdenas-Morelia<\/p>\n<p><\/strong>Apertura 7:30 a.m.<br \/>\nCierre 9:30 a.m.<\/p>\n<p><strong>Morelia- L\u00e1zaro C\u00e1rdenas<br \/>\n<\/strong><br \/>\nApertura 10:00 a.m.<br \/>\nCierre 11:30 a.m.<\/p>\n<p>Los horarios de apertura est\u00e1n sujetos a revisi\u00f3n de puntos de seguridad del tramo por especialistas. Se pide a los usuarios hacer caso al personal de se\u00f1alamiento y manejar con precauci\u00f3n.<\/p>\n<p>Con informaci\u00f3n de La Voz de Michoac\u00e1n<\/p>\n<p>&nbsp;<\/p>\n","protected":false},"excerpt":{"rendered":"<p>El Centro de la Secretar\u00eda de Comunicaciones y Transportes (SCT) en Michoac\u00e1n inform\u00f3 el horario de apertura del kil\u00f3metro 148 de la Autopista P\u00e1tzcuaro-L\u00e1zaro C\u00e1rdenas, solo el viernes 2 de julio 2021. L\u00e1zaro C\u00e1rdenas-Morelia Apertura 7:30 a.m. Cierre 9:30 a.m. Morelia- L\u00e1zaro C\u00e1rdenas Apertura 10:00 a.m. Cierre 11:30 a.m. Los horarios de apertura est\u00e1n sujetos &hellip;<\/p>\n","protected":false},"author":6,"featured_media":7415,"comment_status":"open","ping_status":"closed","sticky":false,"template":"","format":"standard","meta":[],"categories":[38],"tags":[56,1859],"_links":{"self":[{"href":"https:\/\/www.elgrillitosuena.com\/inicio\/wp-json\/wp\/v2\/posts\/7414"}],"collection":[{"href":"https:\/\/www.elgrillitosuena.com\/inicio\/wp-json\/wp\/v2\/posts"}],"about":[{"href":"https:\/\/www.elgrillitosuena.com\/inicio\/wp-json\/wp\/v2\/types\/post"}],"author":[{"embeddable":true,"href":"https:\/\/www.elgrillitosuena.com\/inicio\/wp-json\/wp\/v2\/users\/6"}],"replies":[{"embeddable":true,"href":"https:\/\/www.elgrillitosuena.com\/inicio\/wp-json\/wp\/v2\/comments?post=7414"}],"version-history":[{"count":1,"href":"https:\/\/www.elgrillitosuena.com\/inicio\/wp-json\/wp\/v2\/posts\/7414\/revisions"}],"predecessor-version":[{"id":7416,"href":"https:\/\/www.elgrillitosuena.com\/inicio\/wp-json\/wp\/v2\/posts\/7414\/revisions\/7416"}],"wp:featuredmedia":[{"embeddable":true,"href":"https:\/\/www.elgrillitosuena.com\/inicio\/wp-json\/wp\/v2\/media\/7415"}],"wp:attachment":[{"href":"https:\/\/www.elgrillitosuena.com\/inicio\/wp-json\/wp\/v2\/media?parent=7414"}],"wp:term":[{"taxonomy":"category","embeddable":true,"href":"https:\/\/www.elgrillitosuena.com\/inicio\/wp-json\/wp\/v2\/categories?post=7414"},{"taxonomy":"post_tag","embeddable":true,"href":"https:\/\/www.elgrillitosuena.com\/inicio\/wp-json\/wp\/v2\/tags?post=7414"}],"curies":[{"name":"wp","href":"https:\/\/api.w.org\/{rel}","templated":true}]}}