{"id":7411,"date":"2021-07-02T16:02:08","date_gmt":"2021-07-02T16:02:08","guid":{"rendered":"https:\/\/www.elgrillitosuena.com\/inicio\/?p=7411"},"modified":"2021-07-02T16:02:08","modified_gmt":"2021-07-02T16:02:08","slug":"calendario-escolar-sep-2021-2022-cuando-inician-las-vacaciones-de-verano-e-inicio-de-clases","status":"publish","type":"post","link":"https:\/\/www.elgrillitosuena.com\/inicio\/noticias\/mexico\/calendario-escolar-sep-2021-2022-cuando-inician-las-vacaciones-de-verano-e-inicio-de-clases\/","title":{"rendered":"Calendario escolar SEP 2021 &#8211; 2022: Cu\u00e1ndo inician las vacaciones de verano e inicio de clases"},"content":{"rendered":"<p><img decoding=\"async\" src=\"https:\/\/heraldodemexico.com.mx\/u\/fotografias\/m\/2021\/7\/2\/f960x540-391358_465433_0.jpg\" alt=\"Foto: Cuartoscuro\" \/><\/p>\n<p>Tras m\u00e1s de un a\u00f1o del cierre de\u00a0<strong>escuelas<\/strong>\u00a0debido a la pandemia por COVID-19, los alumnos regresaron a\u00a0<strong>clases presenciales<\/strong>\u00a0en mayo pasado durante la recta final del ciclo escolar 2020-2021; aunque el aumento de contagios oblig\u00f3 a algunos planteles de todo el pa\u00eds a cerrar sus puertas. Ante esto, a pocos d\u00edas de que comiencen las\u00a0<strong>vacaciones de verano<\/strong>, la SEP present\u00f3 el calendario escolar de\u00a0 2021-2021, en el que esperan que las actividades se lleven a cabo con normalidad ; aqu\u00ed te explicamos todo lo que debes de saber del pr\u00f3ximo\u00a0<strong>ciclo escolar<\/strong>.<\/p>\n<h2>\u00bfCu\u00e1ndo inician las vacaciones de verano?<\/h2>\n<p>La\u00a0<a href=\"https:\/\/heraldodemexico.com.mx\/nacional\/2021\/6\/29\/regreso-clases-sep-fecha-de-fin-de-clases-ciclo-escolar-2020-2021-311067.html\" target=\"_blank\" rel=\"noopener noreferrer\"><strong>SEP<\/strong><\/a>\u00a0dio a conocer que el fin del ciclo escolar actual (2020 &#8211; 2021) ser\u00e1 el pr\u00f3ximo viernes 9 de julio e iniciar\u00e1n las<strong>\u00a0vacaciones de verano<\/strong>, donde alumnos, maestros y personal docente de todo el pa\u00eds descansar\u00e1n casi ocho semanas antes de regresar a las actividades el pr\u00f3ximo 30 de agosto.<\/p>\n<p>Las autoridades educativas y de salud tomar\u00e1n este receso para afinar detalles alrededor de los protocolos de seguridad en las aulas, pues se han establecido jornadas de limpieza y desinfecci\u00f3n de salones y \u00e1reas comunes de las escuelas para garantizar que no haya contagios de covid-19.<\/p>\n<h2>Calendario escolar 2021-2022<\/h2>\n<p>El\u00a0<strong><a href=\"https:\/\/heraldodemexico.com.mx\/nacional\/2021\/7\/1\/calendario-escolar-ipn-2021-2022-inicio-de-clases-puentes-vacaciones-311942.html\" target=\"_blank\" rel=\"noopener noreferrer\">Calendario Escolar para el ciclo 2021-2022<\/a>\u00a0<\/strong>consiste de 200 d\u00edas de clases para todas las escuelas de educaci\u00f3n b\u00e1sica incorporadas al Sistema Educativo Nacional; \u00e9ste\u00a0<strong>iniciar\u00e1 el pr\u00f3ximo 30 de agosto de 2021<\/strong>\u00a0y terminar\u00e1 el 28 de julio de 2022.<\/p>\n<h2>D\u00edas festivos y puentes oficiales<\/h2>\n<p>Seg\u00fan lo establecido en el calendario oficial, durante el nuevo curso se celebrar\u00e1n algunos Consejos T\u00e9cnicos Escolares (CTE); los d\u00edas el 29 de octubre y 26 de noviembre de 2021; as\u00ed como el 28 de enero, 25 de febrero, 25 de marzo, 29 de abril, 27 de mayo y 24 de junio de 2022 se suspender\u00e1n las clases.<\/p>\n<p>A estas fechas se suman los siguientes\u00a0<strong>d\u00edas festivos<\/strong>: 16 de septiembre, por el D\u00eda de la Independencia de M\u00e9xico; 1 y 2 de noviembre, por el d\u00eda de Muertos; 15 de noviembre, por la celebraci\u00f3n del 20 de noviembre, D\u00eda de la Revoluci\u00f3n Mexicana-que por ley se recorre al lunes previo-.<\/p>\n<p>Adem\u00e1s, otros\u00a0<strong>d\u00edas de descanso<\/strong>\u00a0ser\u00e1n el 6 de enero, por el d\u00eda de Reyes; el 7 de febrero, al recorrer el D\u00eda de la Constituci\u00f3n; el 21 de marzo, debido al natalicio de Benito Ju\u00e1rez-, y el 5 de mayo, en conmemoraci\u00f3n de la Batalla de Puebla.<\/p>\n<h2>Vacaciones ciclo escolar 2021 &#8211; 2022<\/h2>\n<p>Los alumnos gozar\u00e1n de tres\u00a0<strong>periodos vacacionales<\/strong>:<\/p>\n<ul>\n<li>Vacaciones de invierno: del 20 al 31 de diciembre de 2021.<\/li>\n<li>Semana Santa: del 11 al 22 de abril de 2022.<\/li>\n<li>Vacaciones de verano: desde el 29 de julio de 2022.<\/li>\n<\/ul>\n<p>La SEP ha informado que el\u00a0<strong>regreso a clases\u00a0<\/strong>ser\u00e1 totalmente supervisado para garantizar la salud de los alumnos y personal docente, por lo que ser\u00e1 de manera escalonada y con todas las medidas sanitarias pertinentes, pero en caso de que las condiciones no sean adecuadas, podr\u00edan regresar a modalidad a distancia.<\/p>\n<p>Con informaci\u00f3n de Heraldo de M\u00e9xico<\/p>\n","protected":false},"excerpt":{"rendered":"<p>Tras m\u00e1s de un a\u00f1o del cierre de\u00a0escuelas\u00a0debido a la pandemia por COVID-19, los alumnos regresaron a\u00a0clases presenciales\u00a0en mayo pasado durante la recta final del ciclo escolar 2020-2021; aunque el aumento de contagios oblig\u00f3 a algunos planteles de todo el pa\u00eds a cerrar sus puertas. Ante esto, a pocos d\u00edas de que comiencen las\u00a0vacaciones de &hellip;<\/p>\n","protected":false},"author":6,"featured_media":7412,"comment_status":"open","ping_status":"closed","sticky":false,"template":"","format":"standard","meta":[],"categories":[39],"tags":[1858,1853,685],"_links":{"self":[{"href":"https:\/\/www.elgrillitosuena.com\/inicio\/wp-json\/wp\/v2\/posts\/7411"}],"collection":[{"href":"https:\/\/www.elgrillitosuena.com\/inicio\/wp-json\/wp\/v2\/posts"}],"about":[{"href":"https:\/\/www.elgrillitosuena.com\/inicio\/wp-json\/wp\/v2\/types\/post"}],"author":[{"embeddable":true,"href":"https:\/\/www.elgrillitosuena.com\/inicio\/wp-json\/wp\/v2\/users\/6"}],"replies":[{"embeddable":true,"href":"https:\/\/www.elgrillitosuena.com\/inicio\/wp-json\/wp\/v2\/comments?post=7411"}],"version-history":[{"count":1,"href":"https:\/\/www.elgrillitosuena.com\/inicio\/wp-json\/wp\/v2\/posts\/7411\/revisions"}],"predecessor-version":[{"id":7413,"href":"https:\/\/www.elgrillitosuena.com\/inicio\/wp-json\/wp\/v2\/posts\/7411\/revisions\/7413"}],"wp:featuredmedia":[{"embeddable":true,"href":"https:\/\/www.elgrillitosuena.com\/inicio\/wp-json\/wp\/v2\/media\/7412"}],"wp:attachment":[{"href":"https:\/\/www.elgrillitosuena.com\/inicio\/wp-json\/wp\/v2\/media?parent=7411"}],"wp:term":[{"taxonomy":"category","embeddable":true,"href":"https:\/\/www.elgrillitosuena.com\/inicio\/wp-json\/wp\/v2\/categories?post=7411"},{"taxonomy":"post_tag","embeddable":true,"href":"https:\/\/www.elgrillitosuena.com\/inicio\/wp-json\/wp\/v2\/tags?post=7411"}],"curies":[{"name":"wp","href":"https:\/\/api.w.org\/{rel}","templated":true}]}}