{"id":7408,"date":"2021-07-02T15:57:29","date_gmt":"2021-07-02T15:57:29","guid":{"rendered":"https:\/\/www.elgrillitosuena.com\/inicio\/?p=7408"},"modified":"2021-07-02T15:57:29","modified_gmt":"2021-07-02T15:57:29","slug":"que-tal-un-buen-mezcal-en-el-mercadito-mezcalero-en-oponguio","status":"publish","type":"post","link":"https:\/\/www.elgrillitosuena.com\/inicio\/noticias\/cultura\/que-tal-un-buen-mezcal-en-el-mercadito-mezcalero-en-oponguio\/","title":{"rendered":"Qu\u00e9 tal un buen mezcal en el \u2018Mercadito Mezcalero\u2019 en Oponguio"},"content":{"rendered":"<p><img decoding=\"async\" src=\"https:\/\/www.lavozdemichoacan.com.mx\/wp-content\/uploads\/2020\/09\/MEZCAL.png\" \/><\/p>\n<p>En familia o con amigos, y a la orilla del emblem\u00e1tico Lago de P\u00e1tzcuaro, no hay mejor manera que pasar un fin de semana entre buena bebida y comida con la tercera edici\u00f3n del Mercadito Mezcalero, que esta vez se llevar\u00e1 a cabo en la comunidad de Oponguio, municipio de Erongar\u00edcuaro, y muy cerca de Quiroga.<\/p>\n<p>Para los amantes de este elixir emanado de la cocci\u00f3n perfecta del maguey ahumado, habr\u00e1 una extensa variedad con 23 marcas de productores michoacanos.<\/p>\n<p>El Mercadito Mezcalero se llevar\u00e1 a cabo los d\u00edas 3 y 4 de julio, en la Hacienda Oponguio, donde habr\u00e1 degustaci\u00f3n y venta de mezcal, exquisita gastronom\u00eda t\u00edpica, m\u00fasica tradicional, como la Danza de los Viejitos, y mucho m\u00e1s en un ambiente totalmente familiar.<\/p>\n<p>Los organizadores est\u00e1n preparados para brindar al visitante una experiencia \u00fanica entre protocolos de sanidad para el cuidado de la salud.<\/p>\n<p><img decoding=\"async\" src=\"https:\/\/www.lavozdemichoacan.com.mx\/wp-content\/uploads\/2021\/07\/Hacienda-Oponguio-1.jpg\" \/><\/p>\n<p>Ahora que la pandemia de COVID-19 va pasando, sin que se tengan que relajar las medidas preventivas, este evento es una ocasi\u00f3n para reactivar la econom\u00eda del sector mezcalero, as\u00ed como del tur\u00edstico, que se vieron afectados durante la emergencia sanitaria.<\/p>\n<p><img decoding=\"async\" src=\"https:\/\/www.lavozdemichoacan.com.mx\/wp-content\/uploads\/2021\/07\/Hacienda-Oponguio-2.jpg\" \/><\/p>\n<p>Con informaci\u00f3n de La Voz de Michoac\u00e1n<\/p>\n","protected":false},"excerpt":{"rendered":"<p>En familia o con amigos, y a la orilla del emblem\u00e1tico Lago de P\u00e1tzcuaro, no hay mejor manera que pasar un fin de semana entre buena bebida y comida con la tercera edici\u00f3n del Mercadito Mezcalero, que esta vez se llevar\u00e1 a cabo en la comunidad de Oponguio, municipio de Erongar\u00edcuaro, y muy cerca de &hellip;<\/p>\n","protected":false},"author":6,"featured_media":7409,"comment_status":"open","ping_status":"closed","sticky":false,"template":"","format":"standard","meta":[],"categories":[43],"tags":[1857,1855,56,1856,200],"_links":{"self":[{"href":"https:\/\/www.elgrillitosuena.com\/inicio\/wp-json\/wp\/v2\/posts\/7408"}],"collection":[{"href":"https:\/\/www.elgrillitosuena.com\/inicio\/wp-json\/wp\/v2\/posts"}],"about":[{"href":"https:\/\/www.elgrillitosuena.com\/inicio\/wp-json\/wp\/v2\/types\/post"}],"author":[{"embeddable":true,"href":"https:\/\/www.elgrillitosuena.com\/inicio\/wp-json\/wp\/v2\/users\/6"}],"replies":[{"embeddable":true,"href":"https:\/\/www.elgrillitosuena.com\/inicio\/wp-json\/wp\/v2\/comments?post=7408"}],"version-history":[{"count":1,"href":"https:\/\/www.elgrillitosuena.com\/inicio\/wp-json\/wp\/v2\/posts\/7408\/revisions"}],"predecessor-version":[{"id":7410,"href":"https:\/\/www.elgrillitosuena.com\/inicio\/wp-json\/wp\/v2\/posts\/7408\/revisions\/7410"}],"wp:featuredmedia":[{"embeddable":true,"href":"https:\/\/www.elgrillitosuena.com\/inicio\/wp-json\/wp\/v2\/media\/7409"}],"wp:attachment":[{"href":"https:\/\/www.elgrillitosuena.com\/inicio\/wp-json\/wp\/v2\/media?parent=7408"}],"wp:term":[{"taxonomy":"category","embeddable":true,"href":"https:\/\/www.elgrillitosuena.com\/inicio\/wp-json\/wp\/v2\/categories?post=7408"},{"taxonomy":"post_tag","embeddable":true,"href":"https:\/\/www.elgrillitosuena.com\/inicio\/wp-json\/wp\/v2\/tags?post=7408"}],"curies":[{"name":"wp","href":"https:\/\/api.w.org\/{rel}","templated":true}]}}