{"id":7399,"date":"2021-07-01T17:38:10","date_gmt":"2021-07-01T17:38:10","guid":{"rendered":"https:\/\/www.elgrillitosuena.com\/inicio\/?p=7399"},"modified":"2021-07-01T17:38:10","modified_gmt":"2021-07-01T17:38:10","slug":"calendario-escolar-ipn-2021-2022-inicio-de-clases-puentes-y-vacaciones","status":"publish","type":"post","link":"https:\/\/www.elgrillitosuena.com\/inicio\/noticias\/mexico\/calendario-escolar-ipn-2021-2022-inicio-de-clases-puentes-y-vacaciones\/","title":{"rendered":"Calendario escolar IPN 2021-2022: Inicio de clases, puentes y vacaciones"},"content":{"rendered":"<p><img decoding=\"async\" src=\"https:\/\/heraldodemexico.com.mx\/u\/fotografias\/m\/2020\/12\/14\/f960x540-293925_368000_0.jpg\" alt=\"Mira las fechas importantes. Foto: Cuartoscuro\" \/><\/p>\n<p>El Instituto Polit\u00e9cnico Nacional (<strong>IPN<\/strong>) dio a conocer el calendario escolar para el\u00a0<strong>ciclo 2021-2022\u00a0<\/strong>que tendr\u00e1\u00a0<strong>180 d\u00edas de clases,<\/strong>\u00a090 para cada periodo, tanto en la modalidad no escolarizada como mixta.<\/p>\n<p>En un comunicado se indic\u00f3 que fue el Consejo General del IPN quien aprov\u00f3 el calendario que contempla un plan escalonado de regreso a clases, el programa operativo para unidades acad\u00e9micas y la normatividad institucional federal.<\/p>\n<p>El inicio de clases ser\u00e1 el\u00a0<strong>16 de agosto de 2021<\/strong>\u00a0y terminar\u00e1 el 7 de enero del 2022, mientras que el segudo periodo se cursar\u00e1 del 31 de enero de 2022 al 23 de junio del mismo a\u00f1o.<\/p>\n<p>\u00bfCu\u00e1les son las fechas importantes del ciclo escolar 2021-2022 IPN?<br \/>\nInicio del periodo 22-1 para el d\u00eda 16 de agosto de 2021 y finalizar\u00e1 el 07 de enero de 2022<\/p>\n<p>El periodo 22-2 iniciar\u00e1 el 31 de enero de 2022 y concluir\u00e1 el 23 de junio de 2022<\/p>\n<p>El funcionario del IPN indic\u00f3 que el Ciclo Escolar 2021-2022 contempla 180 d\u00edas lectivos, 90 d\u00edas para cada periodo escolar.<\/p>\n<p>Calendario Acad\u00e9mico IPN<br \/>\n\u00bfCu\u00e1ndo se suspenden clases?<br \/>\nEl ciclo escolar tendr\u00e1 8 d\u00edas de suspensi\u00f3n de actividades por mandato oficial o por acuerdo sindical que son:<\/p>\n<p>16 de septiembre<br \/>\n1, 2 y 15 de noviembre<br \/>\n7 de febrero<br \/>\n21 de marzo<br \/>\n5 y 10 de mayo<br \/>\nFechas de vacaciones<br \/>\nLas vacaciones ser\u00e1n de 40 d\u00edas naturales distribuidos en tres periodos: Invierno, Primavera y Verano, de conformidad con lo contemplado en la normatividad institucional\u201d. Las fechas de los periodos de vacaciones son:<\/p>\n<p>Invierno: del 23 de diciembre de 2021 al 4 de enero de 2022<br \/>\nPrimavera: del 14 al 22 de abril de 2022<br \/>\nVerano: del 18 de julio al 5 de agosto de 2022<\/p>\n<p>Conoce las principales fechas del calendario escolar.<br \/>\nEn las Modalidades No Escolarizada y Mixta, el calendario considera por cada periodo escolar tres Periodos Polivirtuales de 6 semanas cada uno, las fechas para el registro de evaluaci\u00f3n ordinarias y extraordinarias, los periodos de reinscripci\u00f3n, as\u00ed como los periodos de actividades para la gesti\u00f3n directiva. En cuanto a las vacaciones y los d\u00edas de suspensi\u00f3n de labores, \u00e9stos son los mismos que se expusieron en el calendario para la modalidad escolarizada.<\/p>\n<p><img decoding=\"async\" src=\"https:\/\/heraldodemexico.com.mx\/u\/fotografias\/m\/2021\/7\/1\/f768x1-390827_390954_0.png\" \/><\/p>\n<p>Con informaci\u00f3n de Heraldo de M\u00e9xico<\/p>\n","protected":false},"excerpt":{"rendered":"<p>El Instituto Polit\u00e9cnico Nacional (IPN) dio a conocer el calendario escolar para el\u00a0ciclo 2021-2022\u00a0que tendr\u00e1\u00a0180 d\u00edas de clases,\u00a090 para cada periodo, tanto en la modalidad no escolarizada como mixta. En un comunicado se indic\u00f3 que fue el Consejo General del IPN quien aprov\u00f3 el calendario que contempla un plan escalonado de regreso a clases, el &hellip;<\/p>\n","protected":false},"author":6,"featured_media":7400,"comment_status":"open","ping_status":"closed","sticky":false,"template":"","format":"standard","meta":[],"categories":[39],"tags":[1854,1853,1852],"_links":{"self":[{"href":"https:\/\/www.elgrillitosuena.com\/inicio\/wp-json\/wp\/v2\/posts\/7399"}],"collection":[{"href":"https:\/\/www.elgrillitosuena.com\/inicio\/wp-json\/wp\/v2\/posts"}],"about":[{"href":"https:\/\/www.elgrillitosuena.com\/inicio\/wp-json\/wp\/v2\/types\/post"}],"author":[{"embeddable":true,"href":"https:\/\/www.elgrillitosuena.com\/inicio\/wp-json\/wp\/v2\/users\/6"}],"replies":[{"embeddable":true,"href":"https:\/\/www.elgrillitosuena.com\/inicio\/wp-json\/wp\/v2\/comments?post=7399"}],"version-history":[{"count":1,"href":"https:\/\/www.elgrillitosuena.com\/inicio\/wp-json\/wp\/v2\/posts\/7399\/revisions"}],"predecessor-version":[{"id":7401,"href":"https:\/\/www.elgrillitosuena.com\/inicio\/wp-json\/wp\/v2\/posts\/7399\/revisions\/7401"}],"wp:featuredmedia":[{"embeddable":true,"href":"https:\/\/www.elgrillitosuena.com\/inicio\/wp-json\/wp\/v2\/media\/7400"}],"wp:attachment":[{"href":"https:\/\/www.elgrillitosuena.com\/inicio\/wp-json\/wp\/v2\/media?parent=7399"}],"wp:term":[{"taxonomy":"category","embeddable":true,"href":"https:\/\/www.elgrillitosuena.com\/inicio\/wp-json\/wp\/v2\/categories?post=7399"},{"taxonomy":"post_tag","embeddable":true,"href":"https:\/\/www.elgrillitosuena.com\/inicio\/wp-json\/wp\/v2\/tags?post=7399"}],"curies":[{"name":"wp","href":"https:\/\/api.w.org\/{rel}","templated":true}]}}