{"id":7396,"date":"2021-07-01T17:17:42","date_gmt":"2021-07-01T17:17:42","guid":{"rendered":"https:\/\/www.elgrillitosuena.com\/inicio\/?p=7396"},"modified":"2021-07-01T17:17:42","modified_gmt":"2021-07-01T17:17:42","slug":"james-franco-obligaba-a-alumnas-a-realizar-escenas-sexuales-esto-debera-pagar","status":"publish","type":"post","link":"https:\/\/www.elgrillitosuena.com\/inicio\/life-style\/espectaculos\/james-franco-obligaba-a-alumnas-a-realizar-escenas-sexuales-esto-debera-pagar\/","title":{"rendered":"James Franco obligaba a alumnas a realizar escenas sexuales; esto deber\u00e1 pagar"},"content":{"rendered":"<p><img decoding=\"async\" src=\"https:\/\/cdn2.excelsior.com.mx\/media\/styles\/image800x600\/public\/pictures\/2021\/07\/01\/2604364.jpg\" \/><\/p>\n<p><strong>James Franco<\/strong>\u00a0y otros acusados\u00a0<strong>accedieron a pagar 2,2 millones de d\u00f3lares<\/strong>\u00a0en un acuerdo por una demanda que afirma que intimid\u00f3 a estudiantes en una escuela de teatro y cine que fund\u00f3, llev\u00e1ndolos a situaciones sexuales injustificadas y abusivas, se\u00f1alan documentos judiciales hechos p\u00fablicos el mi\u00e9rcoles.<\/p>\n<p>Ambas partes llegaron al acuerdo para la demanda colectiva en febrero, pero se necesitaron varios meses para resolver los detalles y la suma monetaria no hab\u00eda sido revelada previamente.<\/p>\n<div class=\"container-md\">\n<div class=\"marg-neg-lat\">\n<div class=\"region region-content\">\n<div id=\"block-system-main\" class=\"block block-system\">\n<div class=\"content\">\n<div class=\"col-big-left\">\n<article class=\"node-content\">\n<div id=\"id-body-node\" class=\"body-node\">\n<p>Las actrices y exestudiantes Sarah Tither-Kaplan y Toni Gaal, quienes presentaron la demanda primero en octubre de 2019, a la que se sumaron muchos m\u00e1s, afirman que en su extinta escuela, Studio 4,\u00a0<strong>Franco obligaba a sus estudiantes a realizar escenas sexuales cada vez m\u00e1s expl\u00edcitas en c\u00e1mara\u00a0<\/strong>en un &#8216;set tipo org\u00eda&#8217;\u00a0que iba mucho m\u00e1s all\u00e1 de lo aceptable en los plat\u00f3s de cine de Hollywood.<\/p>\n<p>Ambas partes accedieron a emitir un comunicado conjunto.<\/p>\n<blockquote><p>Aunque los acusados siguen negando las afirmaciones en la denuncia, reconocen que los demandantes han planteado asuntos importantes; y todas las partes creen fuertemente que es un momento crucial para enfocarse en atender los malos tratos contra las mujeres en Hollywood&#8221;, se\u00f1ala el comunicado.<\/p>\n<p>Todos est\u00e1n de acuerdo en la necesidad de asegurar que nadie en la industria del espect\u00e1culo, sin importar su sexo, raza, religi\u00f3n, discapacidad, origen \u00e9tnico, g\u00e9nero u orientaci\u00f3n sexual enfrente discriminaci\u00f3n, acoso o prejuicios de cualquier tipo&#8221;.<\/p><\/blockquote>\n<p>Los acusadores se\u00f1alaban que Franco &#8216;<strong>busc\u00f3 crear un flujo de j\u00f3venes mujeres que eran sujetas a su explotaci\u00f3n sexual personal y profesional en nombre de la educaci\u00f3n&#8217;<\/strong>, y que los estudiantes eran llevados a pensar que tendr\u00edan papeles disponibles en las pel\u00edculas de Franco para aquellos que siguieran la corriente.<\/p>\n<p>La compa\u00f1\u00eda productora de Franco Rabbit Bandini y sus socios, incluyendo a Vince Jolivette y Jay Davis tambi\u00e9n fueron nombrados como acusados.<\/p>\n<p>El acuerdo incluye t\u00e9rminos &#8216;no econ\u00f3micos&#8217; que no se hicieron p\u00fablicos.<\/p>\n<p>Fue presentado a un juez de Los Angeles para su aprobaci\u00f3n.<\/p>\n<p>Antes de presentar la demanda, Tither-Kaplan expres\u00f3 sus acusaciones de una conducta sexual indebida contra Franco junto con otras mujeres en el diario Los Angeles Times despu\u00e9s de que Franco gan\u00f3 un Globo de Oro por &#8216;The Disaster Artist&#8217;\u00a0(&#8216;The disaster artist: Obra maestra&#8217;) a comienzos de 2018, cuando la ola del movimiento (hash)MeToo comenzaba sentirse en Hollywood.<\/p>\n<\/div>\n<\/article>\n<\/div>\n<\/div>\n<\/div>\n<\/div>\n<\/div>\n<\/div>\n<div id=\"block-imx-dfp-refresh-dfp-refresh-block\" class=\"block block-imx-dfp-refresh\">\n<div class=\"content\">Con informaci\u00f3n de Excelsior<\/div>\n<\/div>\n<div id=\"block-dfp-728x90-funcion-zocalo-cont\" class=\"block block-dfp dfp-ad-zocalo_fly-wrapper\">\n<div class=\"content\">\n<div id=\"dfp-ad-728x90_funcion_zocalo_cont-wrapper\" class=\"dfp-tag-wrapper\">\n<div id=\"dfp-ad-728x90_funcion_zocalo_cont\" class=\"dfp-tag-wrapper\" data-slot=\"angel\" data-google-query-id=\"CIKUuN-uwvECFQ4-AQodf6sAxQ\">\n<div id=\"google_ads_iframe_35139216\/Excelsior\/Comunidad\/728x90_comunidad_zocalo_0__container__\">\n<div><\/div>\n<\/div>\n<\/div>\n<\/div>\n<\/div>\n<\/div>\n","protected":false},"excerpt":{"rendered":"<p>James Franco\u00a0y otros acusados\u00a0accedieron a pagar 2,2 millones de d\u00f3lares\u00a0en un acuerdo por una demanda que afirma que intimid\u00f3 a estudiantes en una escuela de teatro y cine que fund\u00f3, llev\u00e1ndolos a situaciones sexuales injustificadas y abusivas, se\u00f1alan documentos judiciales hechos p\u00fablicos el mi\u00e9rcoles. Ambas partes llegaron al acuerdo para la demanda colectiva en febrero, &hellip;<\/p>\n","protected":false},"author":6,"featured_media":7397,"comment_status":"open","ping_status":"closed","sticky":false,"template":"","format":"standard","meta":[],"categories":[44],"tags":[113,1021],"_links":{"self":[{"href":"https:\/\/www.elgrillitosuena.com\/inicio\/wp-json\/wp\/v2\/posts\/7396"}],"collection":[{"href":"https:\/\/www.elgrillitosuena.com\/inicio\/wp-json\/wp\/v2\/posts"}],"about":[{"href":"https:\/\/www.elgrillitosuena.com\/inicio\/wp-json\/wp\/v2\/types\/post"}],"author":[{"embeddable":true,"href":"https:\/\/www.elgrillitosuena.com\/inicio\/wp-json\/wp\/v2\/users\/6"}],"replies":[{"embeddable":true,"href":"https:\/\/www.elgrillitosuena.com\/inicio\/wp-json\/wp\/v2\/comments?post=7396"}],"version-history":[{"count":1,"href":"https:\/\/www.elgrillitosuena.com\/inicio\/wp-json\/wp\/v2\/posts\/7396\/revisions"}],"predecessor-version":[{"id":7398,"href":"https:\/\/www.elgrillitosuena.com\/inicio\/wp-json\/wp\/v2\/posts\/7396\/revisions\/7398"}],"wp:featuredmedia":[{"embeddable":true,"href":"https:\/\/www.elgrillitosuena.com\/inicio\/wp-json\/wp\/v2\/media\/7397"}],"wp:attachment":[{"href":"https:\/\/www.elgrillitosuena.com\/inicio\/wp-json\/wp\/v2\/media?parent=7396"}],"wp:term":[{"taxonomy":"category","embeddable":true,"href":"https:\/\/www.elgrillitosuena.com\/inicio\/wp-json\/wp\/v2\/categories?post=7396"},{"taxonomy":"post_tag","embeddable":true,"href":"https:\/\/www.elgrillitosuena.com\/inicio\/wp-json\/wp\/v2\/tags?post=7396"}],"curies":[{"name":"wp","href":"https:\/\/api.w.org\/{rel}","templated":true}]}}