{"id":7369,"date":"2021-07-01T15:39:58","date_gmt":"2021-07-01T15:39:58","guid":{"rendered":"https:\/\/www.elgrillitosuena.com\/inicio\/?p=7369"},"modified":"2021-07-01T15:39:58","modified_gmt":"2021-07-01T15:39:58","slug":"francia-y-mexico-firman-acuerdo-contra-trafico-de-artefactos","status":"publish","type":"post","link":"https:\/\/www.elgrillitosuena.com\/inicio\/noticias\/mundo\/francia-y-mexico-firman-acuerdo-contra-trafico-de-artefactos\/","title":{"rendered":"Francia y M\u00e9xico firman acuerdo contra tr\u00e1fico de artefactos"},"content":{"rendered":"<p><img decoding=\"async\" src=\"https:\/\/cdn2.excelsior.com.mx\/media\/styles\/image800x600\/public\/pictures\/2021\/07\/01\/2604369.jpg\" \/><\/p>\n<p><strong>Francia<\/strong>\u00a0y\u00a0<strong>M\u00e9xico<\/strong>\u00a0firmaron el jueves un acuerdo de cooperaci\u00f3n contra el tr\u00e1fico de artefactos hist\u00f3ricos que el\u00a0<a href=\"https:\/\/www.excelsior.com.mx\/nacional\/participa-ebrard-en-la-reunion-de-ministros-de-relaciones-exteriores-del-g20\/1457316\" target=\"_blank\" rel=\"noopener noreferrer\">canciller mexicano<\/a>\u00a0calific\u00f3 como un paso importante hacia la recuperaci\u00f3n y protecci\u00f3n del patrimonio cultural de M\u00e9xico.<\/p>\n<p>No se dieron a conocer los detalles del acuerdo de inmediato.<\/p>\n<p>M\u00e9xico present\u00f3 una queja ante el gobierno franc\u00e9s contra una gran subasta de esculturas prehisp\u00e1nicas y otros artefactos en la\u00a0<strong>sucursal parisina de Christie\u2019s<\/strong>\u00a0a principios de a\u00f1o, lo que dio como resultado el acuerdo actual.<strong>\u00a0Las casas de subastas de Par\u00eds<\/strong>\u00a0suelen vender artefactos ind\u00edgenas que ya est\u00e1n en el mercado del arte, a pesar de las protestas de los activistas que dicen que deber\u00edan devolverlos a sus pa\u00edses de origen.<\/p>\n<p>Al firmar el acuerdo de cooperaci\u00f3n, los cancilleres de Francia y M\u00e9xico reconocieron el jueves que sus pa\u00edses tienen leyes diferentes para los bienes culturales, pero prometieron trabajar juntos en el futuro para combatir el tr\u00e1fico de obras de arte.<\/p>\n<blockquote><p>La recuperaci\u00f3n y protecci\u00f3n de nuestros bienes culturales es un problema muy importante para nosotros\u201d, dijo el canciller mexicano Marcelo Ebrard. \u201cMe alegra que en esta ocasi\u00f3n Francia nos acompa\u00f1e y apoye esta iniciativa a pesar de que nuestros sistemas legales son muy diferentes. No siempre hemos compartido la misma postura, pero este acuerdo es muy positivo\u201d.<\/p><\/blockquote>\n<p>Indic\u00f3 que el acuerdo incluye mecanismos \u201cpara impedir de la m\u00e1xima forma posible la comercializaci\u00f3n, que es ilegal, de piezas importantes para el patrimonio hist\u00f3rico y cultural de M\u00e9xico\u201d.<\/p>\n<p>El Instituto Nacional de Antropolog\u00eda e Historia de M\u00e9xico protest\u00f3 la venta de Christie en Par\u00eds a principios de este a\u00f1o. La colecci\u00f3n inclu\u00eda una m\u00e1scara de piedra de 1,500 a\u00f1os de la antigua ciudad de Teotihuac\u00e1n y una antigua estatua de la diosa de la fertilidad Cihuateotl, aparentemente de la cultura totonaca. La subasta recaud\u00f3 m\u00e1s de 3 millones de d\u00f3lares.<\/p>\n<p>Con informaci\u00f3n de Excelsior<\/p>\n","protected":false},"excerpt":{"rendered":"<p>Francia\u00a0y\u00a0M\u00e9xico\u00a0firmaron el jueves un acuerdo de cooperaci\u00f3n contra el tr\u00e1fico de artefactos hist\u00f3ricos que el\u00a0canciller mexicano\u00a0calific\u00f3 como un paso importante hacia la recuperaci\u00f3n y protecci\u00f3n del patrimonio cultural de M\u00e9xico. No se dieron a conocer los detalles del acuerdo de inmediato. M\u00e9xico present\u00f3 una queja ante el gobierno franc\u00e9s contra una gran subasta de esculturas &hellip;<\/p>\n","protected":false},"author":6,"featured_media":7370,"comment_status":"open","ping_status":"closed","sticky":false,"template":"","format":"standard","meta":[],"categories":[40],"tags":[697,1367,245,156],"_links":{"self":[{"href":"https:\/\/www.elgrillitosuena.com\/inicio\/wp-json\/wp\/v2\/posts\/7369"}],"collection":[{"href":"https:\/\/www.elgrillitosuena.com\/inicio\/wp-json\/wp\/v2\/posts"}],"about":[{"href":"https:\/\/www.elgrillitosuena.com\/inicio\/wp-json\/wp\/v2\/types\/post"}],"author":[{"embeddable":true,"href":"https:\/\/www.elgrillitosuena.com\/inicio\/wp-json\/wp\/v2\/users\/6"}],"replies":[{"embeddable":true,"href":"https:\/\/www.elgrillitosuena.com\/inicio\/wp-json\/wp\/v2\/comments?post=7369"}],"version-history":[{"count":1,"href":"https:\/\/www.elgrillitosuena.com\/inicio\/wp-json\/wp\/v2\/posts\/7369\/revisions"}],"predecessor-version":[{"id":7371,"href":"https:\/\/www.elgrillitosuena.com\/inicio\/wp-json\/wp\/v2\/posts\/7369\/revisions\/7371"}],"wp:featuredmedia":[{"embeddable":true,"href":"https:\/\/www.elgrillitosuena.com\/inicio\/wp-json\/wp\/v2\/media\/7370"}],"wp:attachment":[{"href":"https:\/\/www.elgrillitosuena.com\/inicio\/wp-json\/wp\/v2\/media?parent=7369"}],"wp:term":[{"taxonomy":"category","embeddable":true,"href":"https:\/\/www.elgrillitosuena.com\/inicio\/wp-json\/wp\/v2\/categories?post=7369"},{"taxonomy":"post_tag","embeddable":true,"href":"https:\/\/www.elgrillitosuena.com\/inicio\/wp-json\/wp\/v2\/tags?post=7369"}],"curies":[{"name":"wp","href":"https:\/\/api.w.org\/{rel}","templated":true}]}}