{"id":7366,"date":"2021-07-01T15:33:18","date_gmt":"2021-07-01T15:33:18","guid":{"rendered":"https:\/\/www.elgrillitosuena.com\/inicio\/?p=7366"},"modified":"2021-07-01T15:33:18","modified_gmt":"2021-07-01T15:33:18","slug":"el-tribunal-electoral-de-michoacan-declarar-improcedente-el-juicio-de-inconformidad-que-promovio-el-equipo-por-michoacan","status":"publish","type":"post","link":"https:\/\/www.elgrillitosuena.com\/inicio\/noticias\/michoacan\/el-tribunal-electoral-de-michoacan-declarar-improcedente-el-juicio-de-inconformidad-que-promovio-el-equipo-por-michoacan\/","title":{"rendered":"El Tribunal Electoral de Michoac\u00e1n, declarar improcedente el juicio de inconformidad que promovi\u00f3 el Equipo por Michoac\u00e1n"},"content":{"rendered":"<p><img decoding=\"async\" loading=\"lazy\" class=\"alignnone  wp-image-7367\" src=\"https:\/\/www.elgrillitosuena.com\/inicio\/wp-content\/uploads\/2021\/07\/WhatsApp-Image-2021-07-01-at-9.50.07-AM-300x200.jpeg\" alt=\"\" width=\"578\" height=\"385\" srcset=\"https:\/\/www.elgrillitosuena.com\/inicio\/wp-content\/uploads\/2021\/07\/WhatsApp-Image-2021-07-01-at-9.50.07-AM-300x200.jpeg 300w, https:\/\/www.elgrillitosuena.com\/inicio\/wp-content\/uploads\/2021\/07\/WhatsApp-Image-2021-07-01-at-9.50.07-AM-1024x682.jpeg 1024w, https:\/\/www.elgrillitosuena.com\/inicio\/wp-content\/uploads\/2021\/07\/WhatsApp-Image-2021-07-01-at-9.50.07-AM-768x512.jpeg 768w, https:\/\/www.elgrillitosuena.com\/inicio\/wp-content\/uploads\/2021\/07\/WhatsApp-Image-2021-07-01-at-9.50.07-AM-1536x1023.jpeg 1536w, https:\/\/www.elgrillitosuena.com\/inicio\/wp-content\/uploads\/2021\/07\/WhatsApp-Image-2021-07-01-at-9.50.07-AM-310x205.jpeg 310w, https:\/\/www.elgrillitosuena.com\/inicio\/wp-content\/uploads\/2021\/07\/WhatsApp-Image-2021-07-01-at-9.50.07-AM.jpeg 1600w\" sizes=\"(max-width: 578px) 100vw, 578px\" \/><\/p>\n<p>El Tribunal Electoral de Michoac\u00e1n (TEEM) resolvi\u00f3 declarar improcedente el juicio de inconformidad que promovi\u00f3 el Equipo por Michoac\u00e1n para anular los votos computados en el distrito de M\u00fagica, por lo que el gobernador electo Alfredo Ram\u00edrez Bedolla destac\u00f3 que dicha resoluci\u00f3n ratifica como irreversible el triunfo de Morena y PT en la elecci\u00f3n de titular del Ejecutivo estatal.<\/p>\n<p>Con la impugnaci\u00f3n del computo en el Distrito 22, con sede en M\u00fagica, el PRI, PAN y PRD buscaban la anulaci\u00f3n de 52 mil 40 votos obtenidos por Morena y PT en la elecci\u00f3n de gobernador, con el objetivo de cambiar el resultado final de la elecci\u00f3n en la que result\u00f3 ganador Alfredo Ram\u00edrez Bedolla con 49 mil 919 votos de ventaja sobre Carlos Herrera Tello, candidato del Equipo por Michoac\u00e1n.<\/p>\n<p>De manera un\u00e1nime, los magistrados del TEEM desecharon de plano el juicio de inconformidad, ya que fue presentado de manera extempor\u00e1nea; es decir, fuera del plazo legal establecido para la presentaci\u00f3n de impugnaciones.<\/p>\n<p>El gobernador electo celebr\u00f3 que con la resoluci\u00f3n del TEEM queda intacta la voluntad que las michoacanas y michoacanos manifestaron en las urnas a trav\u00e9s del voto, y a favor del proyecto de Morena que representa un cambio verdadero.<\/p>\n","protected":false},"excerpt":{"rendered":"<p>El Tribunal Electoral de Michoac\u00e1n (TEEM) resolvi\u00f3 declarar improcedente el juicio de inconformidad que promovi\u00f3 el Equipo por Michoac\u00e1n para anular los votos computados en el distrito de M\u00fagica, por lo que el gobernador electo Alfredo Ram\u00edrez Bedolla destac\u00f3 que dicha resoluci\u00f3n ratifica como irreversible el triunfo de Morena y PT en la elecci\u00f3n de &hellip;<\/p>\n","protected":false},"author":6,"featured_media":7367,"comment_status":"open","ping_status":"closed","sticky":false,"template":"","format":"standard","meta":[],"categories":[38],"tags":[1644,494,164,654,653,1842],"_links":{"self":[{"href":"https:\/\/www.elgrillitosuena.com\/inicio\/wp-json\/wp\/v2\/posts\/7366"}],"collection":[{"href":"https:\/\/www.elgrillitosuena.com\/inicio\/wp-json\/wp\/v2\/posts"}],"about":[{"href":"https:\/\/www.elgrillitosuena.com\/inicio\/wp-json\/wp\/v2\/types\/post"}],"author":[{"embeddable":true,"href":"https:\/\/www.elgrillitosuena.com\/inicio\/wp-json\/wp\/v2\/users\/6"}],"replies":[{"embeddable":true,"href":"https:\/\/www.elgrillitosuena.com\/inicio\/wp-json\/wp\/v2\/comments?post=7366"}],"version-history":[{"count":1,"href":"https:\/\/www.elgrillitosuena.com\/inicio\/wp-json\/wp\/v2\/posts\/7366\/revisions"}],"predecessor-version":[{"id":7368,"href":"https:\/\/www.elgrillitosuena.com\/inicio\/wp-json\/wp\/v2\/posts\/7366\/revisions\/7368"}],"wp:featuredmedia":[{"embeddable":true,"href":"https:\/\/www.elgrillitosuena.com\/inicio\/wp-json\/wp\/v2\/media\/7367"}],"wp:attachment":[{"href":"https:\/\/www.elgrillitosuena.com\/inicio\/wp-json\/wp\/v2\/media?parent=7366"}],"wp:term":[{"taxonomy":"category","embeddable":true,"href":"https:\/\/www.elgrillitosuena.com\/inicio\/wp-json\/wp\/v2\/categories?post=7366"},{"taxonomy":"post_tag","embeddable":true,"href":"https:\/\/www.elgrillitosuena.com\/inicio\/wp-json\/wp\/v2\/tags?post=7366"}],"curies":[{"name":"wp","href":"https:\/\/api.w.org\/{rel}","templated":true}]}}