{"id":7141,"date":"2021-06-14T15:44:46","date_gmt":"2021-06-14T15:44:46","guid":{"rendered":"https:\/\/www.elgrillitosuena.com\/inicio\/?p=7141"},"modified":"2021-06-14T15:44:46","modified_gmt":"2021-06-14T15:44:46","slug":"regreso-a-clases-presenciales-que-hacer-si-se-se-presenta-un-caso-de-covid-19-en-tu-escuela","status":"publish","type":"post","link":"https:\/\/www.elgrillitosuena.com\/inicio\/noticias\/mexico\/regreso-a-clases-presenciales-que-hacer-si-se-se-presenta-un-caso-de-covid-19-en-tu-escuela\/","title":{"rendered":"Regreso a clases presenciales: \u00bfQu\u00e9 hacer si se se presenta un caso de Covid-19 en tu escuela?"},"content":{"rendered":"<p><img decoding=\"async\" loading=\"lazy\" class=\"alignnone  wp-image-7142\" src=\"https:\/\/www.elgrillitosuena.com\/inicio\/wp-content\/uploads\/2021\/06\/escuela-covid-1-300x169.jpeg\" alt=\"\" width=\"884\" height=\"498\" srcset=\"https:\/\/www.elgrillitosuena.com\/inicio\/wp-content\/uploads\/2021\/06\/escuela-covid-1-300x169.jpeg 300w, https:\/\/www.elgrillitosuena.com\/inicio\/wp-content\/uploads\/2021\/06\/escuela-covid-1.jpeg 768w\" sizes=\"(max-width: 884px) 100vw, 884px\" \/><\/p>\n<p>Luego de que esta semana se registrara\u00a0<strong>el primer caso de Covid-19 en una aula de clase<\/strong>, en un adolescente que cursa el primer grado de la\u00a0<strong>Secundaria T\u00e9cnica No. 80<\/strong>, ubicada en la colonia Miguel Hidalgo\u00a0de la\u00a0alcald\u00eda de\u00a0<strong>Tl\u00e1huac<\/strong>, autoridades capitalinas\u00a0<strong>lanzaron un protocolo de prevenci\u00f3n\u00a0<\/strong>en caso de que sucediera otro caso durante e<strong>l regreso a clases presenciales.<\/strong><\/p>\n<p>El subsecretario de Prevenci\u00f3n y Promoci\u00f3n de Salud,\u00a0<strong>Hugo L\u00f3pez-Gatell Ram\u00edrez<\/strong>, anunci\u00f3 los\u00a0<strong>lineamientos\u00a0<\/strong>de las medidas preventivas, en caso de que fuera detectado otro acontecimiento similar.<\/p>\n<p>El primero de los los lineamientos que se tendr\u00edan que llevar a cabo para<strong>\u00a0evitar m\u00e1s contagios de Covid-19\u00a0<\/strong>es que, una vez confirmado el caso ,\u00a0<strong>queda suspendida la actividad en ese espacio<\/strong>, por lo que todo el plantel entrar\u00eda en cuarentena.<\/p>\n<p>Por otro lado, los\u00a0<strong>alumnos que estuvieron en contacto con el caso positivo deber\u00e1n permanecer en observaci\u00f3n en casa<\/strong>\u00a0y si presentan s\u00edntomas, deber\u00e1n acudir a los servicios de salud.<\/p>\n<p>Respecto al<strong>\u00a0personal docente<\/strong>, quien para estas alturas ya cuenta esquema de vacunaci\u00f3n completo,\u00a0<strong>no requerir\u00e1 aislamiento<\/strong>, pero s\u00ed\u00a0<strong>deber\u00e1 estar atentos a los s\u00edntomas que pudieran desarrollarse en los pr\u00f3ximos 14 d\u00edas.\u00a0 \u00a0 \u00a0<\/strong><\/p>\n<p>Al concluir los periodos m\u00e1ximos de\u00a0<strong>incubaci\u00f3n y de transmisibilidad<\/strong>, si el calendario escolar lo permite, pueden nuevamente reiniciar las clases presenciales.<\/p>\n<p>Se puntualiz\u00f3 que para\u00a0evitar un caso de contagio en el mismo plantel,\u00a0es necesario el uso\u00a0de elementos de seguridad como la aplicaci\u00f3n de<strong>\u00a0gel antibacterial, el uso de cubrebocas, la sana distacia y el lavado de manos.\u00a0\u00a0\u00a0 \u00a0\u00a0\u00a0<\/strong><\/p>\n<p>Con informaci\u00f3n de Excelsior<\/p>\n","protected":false},"excerpt":{"rendered":"<p>Luego de que esta semana se registrara\u00a0el primer caso de Covid-19 en una aula de clase, en un adolescente que cursa el primer grado de la\u00a0Secundaria T\u00e9cnica No. 80, ubicada en la colonia Miguel Hidalgo\u00a0de la\u00a0alcald\u00eda de\u00a0Tl\u00e1huac, autoridades capitalinas\u00a0lanzaron un protocolo de prevenci\u00f3n\u00a0en caso de que sucediera otro caso durante el regreso a clases presenciales. &hellip;<\/p>\n","protected":false},"author":2,"featured_media":7142,"comment_status":"open","ping_status":"closed","sticky":false,"template":"","format":"standard","meta":[],"categories":[39],"tags":[1026,232],"_links":{"self":[{"href":"https:\/\/www.elgrillitosuena.com\/inicio\/wp-json\/wp\/v2\/posts\/7141"}],"collection":[{"href":"https:\/\/www.elgrillitosuena.com\/inicio\/wp-json\/wp\/v2\/posts"}],"about":[{"href":"https:\/\/www.elgrillitosuena.com\/inicio\/wp-json\/wp\/v2\/types\/post"}],"author":[{"embeddable":true,"href":"https:\/\/www.elgrillitosuena.com\/inicio\/wp-json\/wp\/v2\/users\/2"}],"replies":[{"embeddable":true,"href":"https:\/\/www.elgrillitosuena.com\/inicio\/wp-json\/wp\/v2\/comments?post=7141"}],"version-history":[{"count":1,"href":"https:\/\/www.elgrillitosuena.com\/inicio\/wp-json\/wp\/v2\/posts\/7141\/revisions"}],"predecessor-version":[{"id":7143,"href":"https:\/\/www.elgrillitosuena.com\/inicio\/wp-json\/wp\/v2\/posts\/7141\/revisions\/7143"}],"wp:featuredmedia":[{"embeddable":true,"href":"https:\/\/www.elgrillitosuena.com\/inicio\/wp-json\/wp\/v2\/media\/7142"}],"wp:attachment":[{"href":"https:\/\/www.elgrillitosuena.com\/inicio\/wp-json\/wp\/v2\/media?parent=7141"}],"wp:term":[{"taxonomy":"category","embeddable":true,"href":"https:\/\/www.elgrillitosuena.com\/inicio\/wp-json\/wp\/v2\/categories?post=7141"},{"taxonomy":"post_tag","embeddable":true,"href":"https:\/\/www.elgrillitosuena.com\/inicio\/wp-json\/wp\/v2\/tags?post=7141"}],"curies":[{"name":"wp","href":"https:\/\/api.w.org\/{rel}","templated":true}]}}