{"id":7021,"date":"2021-05-25T13:08:13","date_gmt":"2021-05-25T13:08:13","guid":{"rendered":"https:\/\/www.elgrillitosuena.com\/inicio\/?p=7021"},"modified":"2021-05-25T13:08:13","modified_gmt":"2021-05-25T13:08:13","slug":"habra-mas-de-16-mil-aficionados-en-la-final-de-la-champions","status":"publish","type":"post","link":"https:\/\/www.elgrillitosuena.com\/inicio\/noticias\/deportes\/habra-mas-de-16-mil-aficionados-en-la-final-de-la-champions\/","title":{"rendered":"Habr\u00e1 m\u00e1s de 16 mil aficionados en la final de la Champions"},"content":{"rendered":"<p><img decoding=\"async\" loading=\"lazy\" class=\"alignnone  wp-image-7022\" src=\"https:\/\/www.elgrillitosuena.com\/inicio\/wp-content\/uploads\/2021\/05\/1596394721_690399_1596394767_noticia_normal_recorte1-300x169.jpeg\" alt=\"\" width=\"854\" height=\"481\" srcset=\"https:\/\/www.elgrillitosuena.com\/inicio\/wp-content\/uploads\/2021\/05\/1596394721_690399_1596394767_noticia_normal_recorte1-300x169.jpeg 300w, https:\/\/www.elgrillitosuena.com\/inicio\/wp-content\/uploads\/2021\/05\/1596394721_690399_1596394767_noticia_normal_recorte1.jpeg 720w\" sizes=\"(max-width: 854px) 100vw, 854px\" \/><\/p>\n<p>La final de la\u00a0<strong>Champions League<\/strong>, que enfrentar\u00e1 a\u00a0<strong>Manchester City<\/strong>\u00a0y\u00a0<strong>Chelsea<\/strong>\u00a0el pr\u00f3ximo s\u00e1bado, contar\u00e1 con la presencia de\u00a0<strong>16 mil 500 espectadores<\/strong>\u00a0en el Estadio do Drag\u00e3o de Oporto, de acuerdo al permiso extendido por las autoridades portuguesas.<\/p>\n<p>Portugal dio\u00a0permiso para llenar un\u00a0<strong>33% del aforo del estadio\u00a0<\/strong>donde habitualmente juega el FC Porto.<\/p>\n<p>Cada uno de los clubes finalistas ten\u00eda una asignaci\u00f3n de seis mil entradas reservadas para sus aficionados y la venta de las mismas fue realizada directamente por los clubes.<\/p>\n<p>Seg\u00fan detall\u00f3 la\u00a0<strong>UEFA<\/strong>, la venta de las mil 700 entradas reservadas para el p\u00fablico general comenzar\u00e1 exclusivamente en UEFA.com este martes y se extender\u00e1 hasta que no queden localidades.<\/p>\n<p>Adem\u00e1s, para acceder al estadio ser\u00e1 necesario\u00a0<strong>acreditar una prueba de vacunaci\u00f3n o un resultado negativo en el test de covid-19\u00a0<\/strong>(prueba PCR negativa con fecha del 26, 27, 28 \u00f3 29 de mayo o un resultado negativo en la prueba r\u00e1pida de ant\u00edgenos del 28 \u00f3 29 de mayo).<\/p>\n<p>Con informaci\u00f3n de Excelsior<\/p>\n","protected":false},"excerpt":{"rendered":"<p>La final de la\u00a0Champions League, que enfrentar\u00e1 a\u00a0Manchester City\u00a0y\u00a0Chelsea\u00a0el pr\u00f3ximo s\u00e1bado, contar\u00e1 con la presencia de\u00a016 mil 500 espectadores\u00a0en el Estadio do Drag\u00e3o de Oporto, de acuerdo al permiso extendido por las autoridades portuguesas. Portugal dio\u00a0permiso para llenar un\u00a033% del aforo del estadio\u00a0donde habitualmente juega el FC Porto. Cada uno de los clubes finalistas ten\u00eda &hellip;<\/p>\n","protected":false},"author":2,"featured_media":7022,"comment_status":"open","ping_status":"closed","sticky":false,"template":"","format":"standard","meta":[],"categories":[45],"tags":[1382,1740],"_links":{"self":[{"href":"https:\/\/www.elgrillitosuena.com\/inicio\/wp-json\/wp\/v2\/posts\/7021"}],"collection":[{"href":"https:\/\/www.elgrillitosuena.com\/inicio\/wp-json\/wp\/v2\/posts"}],"about":[{"href":"https:\/\/www.elgrillitosuena.com\/inicio\/wp-json\/wp\/v2\/types\/post"}],"author":[{"embeddable":true,"href":"https:\/\/www.elgrillitosuena.com\/inicio\/wp-json\/wp\/v2\/users\/2"}],"replies":[{"embeddable":true,"href":"https:\/\/www.elgrillitosuena.com\/inicio\/wp-json\/wp\/v2\/comments?post=7021"}],"version-history":[{"count":1,"href":"https:\/\/www.elgrillitosuena.com\/inicio\/wp-json\/wp\/v2\/posts\/7021\/revisions"}],"predecessor-version":[{"id":7023,"href":"https:\/\/www.elgrillitosuena.com\/inicio\/wp-json\/wp\/v2\/posts\/7021\/revisions\/7023"}],"wp:featuredmedia":[{"embeddable":true,"href":"https:\/\/www.elgrillitosuena.com\/inicio\/wp-json\/wp\/v2\/media\/7022"}],"wp:attachment":[{"href":"https:\/\/www.elgrillitosuena.com\/inicio\/wp-json\/wp\/v2\/media?parent=7021"}],"wp:term":[{"taxonomy":"category","embeddable":true,"href":"https:\/\/www.elgrillitosuena.com\/inicio\/wp-json\/wp\/v2\/categories?post=7021"},{"taxonomy":"post_tag","embeddable":true,"href":"https:\/\/www.elgrillitosuena.com\/inicio\/wp-json\/wp\/v2\/tags?post=7021"}],"curies":[{"name":"wp","href":"https:\/\/api.w.org\/{rel}","templated":true}]}}