{"id":6761,"date":"2021-05-17T16:43:49","date_gmt":"2021-05-17T16:43:49","guid":{"rendered":"https:\/\/www.elgrillitosuena.com\/inicio\/?p=6761"},"modified":"2021-05-17T16:43:49","modified_gmt":"2021-05-17T16:43:49","slug":"pacto-de-unidad-con-sectores-sociales-y-fuerzas-politicas-fortalece-candidatura-de-bedolla","status":"publish","type":"post","link":"https:\/\/www.elgrillitosuena.com\/inicio\/noticias\/michoacan\/pacto-de-unidad-con-sectores-sociales-y-fuerzas-politicas-fortalece-candidatura-de-bedolla\/","title":{"rendered":"Pacto de unidad con sectores sociales y fuerzas pol\u00edticas fortalece candidatura de Bedolla"},"content":{"rendered":"<p><img decoding=\"async\" loading=\"lazy\" class=\"alignnone  wp-image-6762\" src=\"https:\/\/www.elgrillitosuena.com\/inicio\/wp-content\/uploads\/2021\/05\/WhatsApp-Image-2021-05-17-at-11.33.25-AM-1-300x200.jpeg\" alt=\"\" width=\"593\" height=\"395\" srcset=\"https:\/\/www.elgrillitosuena.com\/inicio\/wp-content\/uploads\/2021\/05\/WhatsApp-Image-2021-05-17-at-11.33.25-AM-1-300x200.jpeg 300w, https:\/\/www.elgrillitosuena.com\/inicio\/wp-content\/uploads\/2021\/05\/WhatsApp-Image-2021-05-17-at-11.33.25-AM-1-1024x683.jpeg 1024w, https:\/\/www.elgrillitosuena.com\/inicio\/wp-content\/uploads\/2021\/05\/WhatsApp-Image-2021-05-17-at-11.33.25-AM-1-768x512.jpeg 768w, https:\/\/www.elgrillitosuena.com\/inicio\/wp-content\/uploads\/2021\/05\/WhatsApp-Image-2021-05-17-at-11.33.25-AM-1-1536x1024.jpeg 1536w, https:\/\/www.elgrillitosuena.com\/inicio\/wp-content\/uploads\/2021\/05\/WhatsApp-Image-2021-05-17-at-11.33.25-AM-1-310x205.jpeg 310w, https:\/\/www.elgrillitosuena.com\/inicio\/wp-content\/uploads\/2021\/05\/WhatsApp-Image-2021-05-17-at-11.33.25-AM-1.jpeg 1600w\" sizes=\"(max-width: 593px) 100vw, 593px\" \/><\/p>\n<p>Representantes de diversas fuerzas pol\u00edticas y sectores sociales, as\u00ed como acad\u00e9micos, empresarios y organizaciones civiles firmaron un acuerdo de unidad con Alfredo Ram\u00edrez Bedolla, con el prop\u00f3sito de impulsarlo a la gubernatura, e iniciar en Michoac\u00e1n un proyecto de transformaci\u00f3n plural e incluyente.<\/p>\n<p>En la Plaza Morelos, rodeado por militantes de diversos partidos pol\u00edticos, ex presidentes municipales y ex funcionarios p\u00fablicos, representantes de sindicatos, investigadores, empresarios, productores, deportistas, artistas y activistas, Alfredo Ram\u00edrez manifest\u00f3 que el Acuerdo por la Unidad y la Esperanza refleja las demandas de quienes hist\u00f3ricamente han sido marginados.<\/p>\n<p><img decoding=\"async\" loading=\"lazy\" class=\"alignnone  wp-image-6763\" src=\"https:\/\/www.elgrillitosuena.com\/inicio\/wp-content\/uploads\/2021\/05\/WhatsApp-Image-2021-05-17-at-11.33.25-AM-300x200.jpeg\" alt=\"\" width=\"567\" height=\"378\" srcset=\"https:\/\/www.elgrillitosuena.com\/inicio\/wp-content\/uploads\/2021\/05\/WhatsApp-Image-2021-05-17-at-11.33.25-AM-300x200.jpeg 300w, https:\/\/www.elgrillitosuena.com\/inicio\/wp-content\/uploads\/2021\/05\/WhatsApp-Image-2021-05-17-at-11.33.25-AM-1024x683.jpeg 1024w, https:\/\/www.elgrillitosuena.com\/inicio\/wp-content\/uploads\/2021\/05\/WhatsApp-Image-2021-05-17-at-11.33.25-AM-768x512.jpeg 768w, https:\/\/www.elgrillitosuena.com\/inicio\/wp-content\/uploads\/2021\/05\/WhatsApp-Image-2021-05-17-at-11.33.25-AM-1536x1024.jpeg 1536w, https:\/\/www.elgrillitosuena.com\/inicio\/wp-content\/uploads\/2021\/05\/WhatsApp-Image-2021-05-17-at-11.33.25-AM.jpeg 1600w\" sizes=\"(max-width: 567px) 100vw, 567px\" \/><\/p>\n<p>El dirigente estatal de Morena, Ra\u00fal Mor\u00f3n Orozco, expres\u00f3 que el proyecto de la cuarta transformacion da un paso importante para concertar la unidad de las michoacanas y michoacanos que tienen como objetivo com\u00fan construir un mejor estado, con oportunidades para todas y todos.<\/p>\n<p>El Acuerdo por la Unidad y la Esperanza establece que &#8220;nuestra tarea es refundar el estado, y la \u00fanica manera de lograrlo es mediante una revoluci\u00f3n ideol\u00f3gica, pac\u00edfica e incluyente. Una lucha que contemple a todos los sectores sociales de Michoac\u00e1n, a quienes han sido hist\u00f3ricamente denigrados y olvidados&#8221;.<\/p>\n<p><img decoding=\"async\" loading=\"lazy\" class=\"alignnone  wp-image-6764\" src=\"https:\/\/www.elgrillitosuena.com\/inicio\/wp-content\/uploads\/2021\/05\/WhatsApp-Image-2021-05-17-at-11.33.25-AM-2-300x200.jpeg\" alt=\"\" width=\"587\" height=\"391\" srcset=\"https:\/\/www.elgrillitosuena.com\/inicio\/wp-content\/uploads\/2021\/05\/WhatsApp-Image-2021-05-17-at-11.33.25-AM-2-300x200.jpeg 300w, https:\/\/www.elgrillitosuena.com\/inicio\/wp-content\/uploads\/2021\/05\/WhatsApp-Image-2021-05-17-at-11.33.25-AM-2-1024x683.jpeg 1024w, https:\/\/www.elgrillitosuena.com\/inicio\/wp-content\/uploads\/2021\/05\/WhatsApp-Image-2021-05-17-at-11.33.25-AM-2-768x512.jpeg 768w, https:\/\/www.elgrillitosuena.com\/inicio\/wp-content\/uploads\/2021\/05\/WhatsApp-Image-2021-05-17-at-11.33.25-AM-2-1536x1024.jpeg 1536w, https:\/\/www.elgrillitosuena.com\/inicio\/wp-content\/uploads\/2021\/05\/WhatsApp-Image-2021-05-17-at-11.33.25-AM-2-310x205.jpeg 310w, https:\/\/www.elgrillitosuena.com\/inicio\/wp-content\/uploads\/2021\/05\/WhatsApp-Image-2021-05-17-at-11.33.25-AM-2.jpeg 1600w\" sizes=\"(max-width: 587px) 100vw, 587px\" \/><\/p>\n<p>&#8220;Convocamos abiertamente a mujeres y hombres libres, a nuestros pueblos originarios, a pobladores del campo y de la ciudad, religiosos o librepensadores, para luchar juntos y lograr, por la v\u00eda pac\u00edfica, un cambio de pensamiento. La honestidad y el combate a la corrupci\u00f3n ser\u00e1n nuestra forma de vida y la directriz que gu\u00ede a nuestro gobierno&#8221;, se\u00f1ala el acuerdo propuesto por Ram\u00edrez Bedolla, y firmado por cientos de liderazgos.<\/p>\n","protected":false},"excerpt":{"rendered":"<p>Representantes de diversas fuerzas pol\u00edticas y sectores sociales, as\u00ed como acad\u00e9micos, empresarios y organizaciones civiles firmaron un acuerdo de unidad con Alfredo Ram\u00edrez Bedolla, con el prop\u00f3sito de impulsarlo a la gubernatura, e iniciar en Michoac\u00e1n un proyecto de transformaci\u00f3n plural e incluyente. En la Plaza Morelos, rodeado por militantes de diversos partidos pol\u00edticos, ex &hellip;<\/p>\n","protected":false},"author":6,"featured_media":6762,"comment_status":"open","ping_status":"closed","sticky":false,"template":"","format":"standard","meta":[],"categories":[38],"tags":[556,1644,56,494],"_links":{"self":[{"href":"https:\/\/www.elgrillitosuena.com\/inicio\/wp-json\/wp\/v2\/posts\/6761"}],"collection":[{"href":"https:\/\/www.elgrillitosuena.com\/inicio\/wp-json\/wp\/v2\/posts"}],"about":[{"href":"https:\/\/www.elgrillitosuena.com\/inicio\/wp-json\/wp\/v2\/types\/post"}],"author":[{"embeddable":true,"href":"https:\/\/www.elgrillitosuena.com\/inicio\/wp-json\/wp\/v2\/users\/6"}],"replies":[{"embeddable":true,"href":"https:\/\/www.elgrillitosuena.com\/inicio\/wp-json\/wp\/v2\/comments?post=6761"}],"version-history":[{"count":1,"href":"https:\/\/www.elgrillitosuena.com\/inicio\/wp-json\/wp\/v2\/posts\/6761\/revisions"}],"predecessor-version":[{"id":6765,"href":"https:\/\/www.elgrillitosuena.com\/inicio\/wp-json\/wp\/v2\/posts\/6761\/revisions\/6765"}],"wp:featuredmedia":[{"embeddable":true,"href":"https:\/\/www.elgrillitosuena.com\/inicio\/wp-json\/wp\/v2\/media\/6762"}],"wp:attachment":[{"href":"https:\/\/www.elgrillitosuena.com\/inicio\/wp-json\/wp\/v2\/media?parent=6761"}],"wp:term":[{"taxonomy":"category","embeddable":true,"href":"https:\/\/www.elgrillitosuena.com\/inicio\/wp-json\/wp\/v2\/categories?post=6761"},{"taxonomy":"post_tag","embeddable":true,"href":"https:\/\/www.elgrillitosuena.com\/inicio\/wp-json\/wp\/v2\/tags?post=6761"}],"curies":[{"name":"wp","href":"https:\/\/api.w.org\/{rel}","templated":true}]}}