{"id":6734,"date":"2021-05-15T04:09:28","date_gmt":"2021-05-15T04:09:28","guid":{"rendered":"https:\/\/www.elgrillitosuena.com\/inicio\/?p=6734"},"modified":"2021-05-15T04:09:28","modified_gmt":"2021-05-15T04:09:28","slug":"recorre-miguel-paredes-comunidades-del-sur-y-compromete-le-vamos-a-entrar-con-ustedes-para-su-desarrollo","status":"publish","type":"post","link":"https:\/\/www.elgrillitosuena.com\/inicio\/noticias\/uruapan\/recorre-miguel-paredes-comunidades-del-sur-y-compromete-le-vamos-a-entrar-con-ustedes-para-su-desarrollo\/","title":{"rendered":"Recorre Miguel Paredes comunidades del sur y compromete: \u201cle vamos a entrar con ustedes para su desarrollo\u201d"},"content":{"rendered":"<p><img decoding=\"async\" loading=\"lazy\" class=\"alignnone  wp-image-6735\" src=\"https:\/\/www.elgrillitosuena.com\/inicio\/wp-content\/uploads\/2021\/05\/3d422dcc-49d2-4234-ad67-e9dc232433ce-300x173.jpg\" alt=\"\" width=\"747\" height=\"431\" srcset=\"https:\/\/www.elgrillitosuena.com\/inicio\/wp-content\/uploads\/2021\/05\/3d422dcc-49d2-4234-ad67-e9dc232433ce-300x173.jpg 300w, https:\/\/www.elgrillitosuena.com\/inicio\/wp-content\/uploads\/2021\/05\/3d422dcc-49d2-4234-ad67-e9dc232433ce-1024x590.jpg 1024w, https:\/\/www.elgrillitosuena.com\/inicio\/wp-content\/uploads\/2021\/05\/3d422dcc-49d2-4234-ad67-e9dc232433ce-768x443.jpg 768w, https:\/\/www.elgrillitosuena.com\/inicio\/wp-content\/uploads\/2021\/05\/3d422dcc-49d2-4234-ad67-e9dc232433ce.jpg 1253w\" sizes=\"(max-width: 747px) 100vw, 747px\" \/><\/p>\n<p>Siendo el primer candidato a la alcald\u00eda que visita las comunidades del sur durante las presentes campa\u00f1as electorales, Miguel \u00c1ngel Paredes Melgoza sostuvo que se har\u00e1 equipo con sus habitantes para juntos fortalecer su desarrollo.<\/p>\n<p>Ya ha quedado demostrado que trabajamos por todas y todos, sostuvo el candidato del Equipo x Uruapan en compa\u00f1\u00eda de Edna D\u00edaz y Adriana Maga\u00f1a durante el recorrido de este d\u00eda.<\/p>\n<p><img decoding=\"async\" loading=\"lazy\" class=\"alignnone  wp-image-6736\" src=\"https:\/\/www.elgrillitosuena.com\/inicio\/wp-content\/uploads\/2021\/05\/90af4535-3449-4aaf-9ff2-00fd23b75e6f-300x200.jpg\" alt=\"\" width=\"713\" height=\"475\" srcset=\"https:\/\/www.elgrillitosuena.com\/inicio\/wp-content\/uploads\/2021\/05\/90af4535-3449-4aaf-9ff2-00fd23b75e6f-300x200.jpg 300w, https:\/\/www.elgrillitosuena.com\/inicio\/wp-content\/uploads\/2021\/05\/90af4535-3449-4aaf-9ff2-00fd23b75e6f-1024x683.jpg 1024w, https:\/\/www.elgrillitosuena.com\/inicio\/wp-content\/uploads\/2021\/05\/90af4535-3449-4aaf-9ff2-00fd23b75e6f-768x512.jpg 768w, https:\/\/www.elgrillitosuena.com\/inicio\/wp-content\/uploads\/2021\/05\/90af4535-3449-4aaf-9ff2-00fd23b75e6f.jpg 1230w\" sizes=\"(max-width: 713px) 100vw, 713px\" \/><\/p>\n<p>Por la ma\u00f1ana en La Caratacua Miguel Paredes comprometi\u00f3 la adquisici\u00f3n de maquinaria para enfocar acciones a mejorar los caminos saca cosechas y accesos a las comunidades, as\u00ed como esquemas de apoyo a los agricultores.<br \/>\nMientras que en Betania se pronunci\u00f3 por reestructurar y fortalecer el Consejo de Desarrollo Rural en aras de propiciar las acciones y programas para apoyar a esta zona tan importante del municipio.<\/p>\n<p>Posteriormente en San Mart\u00edn Buenos Aires record\u00f3 que esta comunidad es fiel ejemplo del resultado del trabajo en equipo con la gente, con el pozo profundo que se concret\u00f3 en fechas recientes y ahora dota de agua a sus habitantes.<br \/>\n\u201cBajo esa misma din\u00e1mica continuaremos trabajando para apoyar su vocaci\u00f3n productiva y que esto se refleje en una mejor calidad de vida para sus familias\u201d, indic\u00f3 el candidato.<\/p>\n<p>Enseguida en Jical\u00e1n Viejo reconoci\u00f3 que estas comunidades requieren puntual atenci\u00f3n, por lo que se dar\u00e1 seguimiento al proyecto para el suministro de agua potable, del cual ya se cuenta con estudios y se atender\u00e1 para concretarlo.<\/p>\n<p>Finalmente, en Nuevo San Mart\u00edn sus habitantes expresaron el total apoyo a Miguel Paredes, Edna D\u00edaz y Adriana Maga\u00f1a, seguros que trabajando en conjunto vendr\u00e1n mejores cosas para su comunidad.<\/p>\n","protected":false},"excerpt":{"rendered":"<p>Siendo el primer candidato a la alcald\u00eda que visita las comunidades del sur durante las presentes campa\u00f1as electorales, Miguel \u00c1ngel Paredes Melgoza sostuvo que se har\u00e1 equipo con sus habitantes para juntos fortalecer su desarrollo. Ya ha quedado demostrado que trabajamos por todas y todos, sostuvo el candidato del Equipo x Uruapan en compa\u00f1\u00eda de &hellip;<\/p>\n","protected":false},"author":3,"featured_media":6735,"comment_status":"open","ping_status":"closed","sticky":false,"template":"","format":"standard","meta":[],"categories":[37],"tags":[1457,655,654,63],"_links":{"self":[{"href":"https:\/\/www.elgrillitosuena.com\/inicio\/wp-json\/wp\/v2\/posts\/6734"}],"collection":[{"href":"https:\/\/www.elgrillitosuena.com\/inicio\/wp-json\/wp\/v2\/posts"}],"about":[{"href":"https:\/\/www.elgrillitosuena.com\/inicio\/wp-json\/wp\/v2\/types\/post"}],"author":[{"embeddable":true,"href":"https:\/\/www.elgrillitosuena.com\/inicio\/wp-json\/wp\/v2\/users\/3"}],"replies":[{"embeddable":true,"href":"https:\/\/www.elgrillitosuena.com\/inicio\/wp-json\/wp\/v2\/comments?post=6734"}],"version-history":[{"count":1,"href":"https:\/\/www.elgrillitosuena.com\/inicio\/wp-json\/wp\/v2\/posts\/6734\/revisions"}],"predecessor-version":[{"id":6737,"href":"https:\/\/www.elgrillitosuena.com\/inicio\/wp-json\/wp\/v2\/posts\/6734\/revisions\/6737"}],"wp:featuredmedia":[{"embeddable":true,"href":"https:\/\/www.elgrillitosuena.com\/inicio\/wp-json\/wp\/v2\/media\/6735"}],"wp:attachment":[{"href":"https:\/\/www.elgrillitosuena.com\/inicio\/wp-json\/wp\/v2\/media?parent=6734"}],"wp:term":[{"taxonomy":"category","embeddable":true,"href":"https:\/\/www.elgrillitosuena.com\/inicio\/wp-json\/wp\/v2\/categories?post=6734"},{"taxonomy":"post_tag","embeddable":true,"href":"https:\/\/www.elgrillitosuena.com\/inicio\/wp-json\/wp\/v2\/tags?post=6734"}],"curies":[{"name":"wp","href":"https:\/\/api.w.org\/{rel}","templated":true}]}}