{"id":6725,"date":"2021-05-14T19:20:47","date_gmt":"2021-05-14T19:20:47","guid":{"rendered":"https:\/\/www.elgrillitosuena.com\/inicio\/?p=6725"},"modified":"2021-05-14T19:20:47","modified_gmt":"2021-05-14T19:20:47","slug":"cuidar-a-la-ninez-es-cuidar-el-futuro-de-michoacan-carlos-herrera","status":"publish","type":"post","link":"https:\/\/www.elgrillitosuena.com\/inicio\/noticias\/michoacan\/cuidar-a-la-ninez-es-cuidar-el-futuro-de-michoacan-carlos-herrera\/","title":{"rendered":"Cuidar a la ni\u00f1ez es cuidar el futuro de Michoac\u00e1n: Carlos Herrera"},"content":{"rendered":"<p><img decoding=\"async\" loading=\"lazy\" class=\"alignnone  wp-image-6726\" src=\"https:\/\/www.elgrillitosuena.com\/inicio\/wp-content\/uploads\/2021\/05\/WhatsApp-Image-2021-05-14-at-2.16.12-PM-300x200.jpeg\" alt=\"\" width=\"615\" height=\"410\" srcset=\"https:\/\/www.elgrillitosuena.com\/inicio\/wp-content\/uploads\/2021\/05\/WhatsApp-Image-2021-05-14-at-2.16.12-PM-300x200.jpeg 300w, https:\/\/www.elgrillitosuena.com\/inicio\/wp-content\/uploads\/2021\/05\/WhatsApp-Image-2021-05-14-at-2.16.12-PM-1024x683.jpeg 1024w, https:\/\/www.elgrillitosuena.com\/inicio\/wp-content\/uploads\/2021\/05\/WhatsApp-Image-2021-05-14-at-2.16.12-PM-768x512.jpeg 768w, https:\/\/www.elgrillitosuena.com\/inicio\/wp-content\/uploads\/2021\/05\/WhatsApp-Image-2021-05-14-at-2.16.12-PM-1536x1024.jpeg 1536w, https:\/\/www.elgrillitosuena.com\/inicio\/wp-content\/uploads\/2021\/05\/WhatsApp-Image-2021-05-14-at-2.16.12-PM.jpeg 1560w\" sizes=\"(max-width: 615px) 100vw, 615px\" \/><\/p>\n<p>Cuidar de la primera infancia es cuidar del futuro. Si queremos un Michoac\u00e1n en paz, se generar\u00e1n compromisos para cumplir un desarrollo sostenible de las y los ni\u00f1os, indic\u00f3 Carlos Herrera Tello, candidato a la gubernatura de Equipo por Michoac\u00e1n, al firmar el Pacto por la Primera Infancia.<\/p>\n<p>Acompa\u00f1ado de su esposa Rosario Jasso, el candidato com\u00fan del PRI, el PAN y el PRD acudi\u00f3 al llamado convocado por m\u00e1s de 450 organizaciones ciudadanas a nivel nacional para comprometer a la y los candidatos a la gubernatura para atender una agenda que abarque a ni\u00f1os de 0 a 6 a\u00f1os.<\/p>\n<p>\u201cLo que se les d\u00e9 a las ni\u00f1os y los ni\u00f1os, eso le dar\u00e1n a la sociedad. Es una frase que me hace mucho sentido con lo que pienso y siento y con lo que har\u00e9 como pr\u00f3ximo gobernador\u201d, as\u00ed inici\u00f3 su mensaje el candidato durante el acto de firma.<\/p>\n<p>Carlos Herrera subray\u00f3 que tiene un total compromiso con la atenci\u00f3n de las necesidades de la ni\u00f1ez michoacana, lo cual es de relevancia crucial, ya que la ni\u00f1ez representa los cimientos para el crecimiento y desarrollo de habilidades de cualquier ser humano.<\/p>\n<p>\u201cLa primera infancia es el eslab\u00f3n clave para tener sociedades s\u00f3lidas. Si queremos un Michoac\u00e1n con paz, tenemos que empezar por atender a la primera infancia, y dentro de nuestros primeros compromisos consisten en trabajar para cumplir con el desarrollo sostenible que planea que las y los ni\u00f1os tengan acceso al desarrollo pleno y ense\u00f1anza de calidad\u201d, explic\u00f3.<\/p>\n<p><img decoding=\"async\" loading=\"lazy\" class=\"alignnone  wp-image-6727\" src=\"https:\/\/www.elgrillitosuena.com\/inicio\/wp-content\/uploads\/2021\/05\/WhatsApp-Image-2021-05-14-at-2.16.13-PM-300x195.jpeg\" alt=\"\" width=\"525\" height=\"341\" srcset=\"https:\/\/www.elgrillitosuena.com\/inicio\/wp-content\/uploads\/2021\/05\/WhatsApp-Image-2021-05-14-at-2.16.13-PM-300x195.jpeg 300w, https:\/\/www.elgrillitosuena.com\/inicio\/wp-content\/uploads\/2021\/05\/WhatsApp-Image-2021-05-14-at-2.16.13-PM-1024x664.jpeg 1024w, https:\/\/www.elgrillitosuena.com\/inicio\/wp-content\/uploads\/2021\/05\/WhatsApp-Image-2021-05-14-at-2.16.13-PM-768x498.jpeg 768w, https:\/\/www.elgrillitosuena.com\/inicio\/wp-content\/uploads\/2021\/05\/WhatsApp-Image-2021-05-14-at-2.16.13-PM-1536x996.jpeg 1536w, https:\/\/www.elgrillitosuena.com\/inicio\/wp-content\/uploads\/2021\/05\/WhatsApp-Image-2021-05-14-at-2.16.13-PM.jpeg 1600w\" sizes=\"(max-width: 525px) 100vw, 525px\" \/><\/p>\n<p>Para brindar atenci\u00f3n integral a la ni\u00f1ez, Carlos Herrera se comprometi\u00f3 a crear Prospera Michoac\u00e1n para brindar atenci\u00f3n m\u00e9dica, alimenticia y educativa, as\u00ed como asegurar el tratamiento de quimioterapias para ni\u00f1os y ni\u00f1as con c\u00e1ncer.<\/p>\n<p>\u201cTodo eso estaba antes y ahora no lo tenemos. Ese es de los principales retos a atender, as\u00ed como pagar a tiempo y completo a las y los maestros. Que las y los ni\u00f1os tengan espacios dignos para hacer deporte, y tener una asignatura obligatoria de construcci\u00f3n de paz\u201d, resalt\u00f3.<\/p>\n<p>El pacto firmado por Herrera Tello se sustent\u00f3 en compromisos claros con la ni\u00f1ez michaocana: disminuir el porcentaje de ni\u00f1as y ni\u00f1os que viven en pobreza, reducir la desnutrici\u00f3n cr\u00f3nica, incrementar la lactancia en la primera hora de vida, lograr que ni\u00f1os y ni\u00f1as reciban sus vacunas que les corresponden, detectar de manera oportuna la discapacidad, incrementar el porcentaje de ni\u00f1ez que recibe desarrollo infantil adecuado, fomentar programas de habilidades parentales, lograr un registro oportuno y avanzar en la erradicaci\u00f3n de todas las formas de violencia infantil.<\/p>\n","protected":false},"excerpt":{"rendered":"<p>Cuidar de la primera infancia es cuidar del futuro. Si queremos un Michoac\u00e1n en paz, se generar\u00e1n compromisos para cumplir un desarrollo sostenible de las y los ni\u00f1os, indic\u00f3 Carlos Herrera Tello, candidato a la gubernatura de Equipo por Michoac\u00e1n, al firmar el Pacto por la Primera Infancia. Acompa\u00f1ado de su esposa Rosario Jasso, el &hellip;<\/p>\n","protected":false},"author":6,"featured_media":6726,"comment_status":"open","ping_status":"closed","sticky":false,"template":"","format":"standard","meta":[],"categories":[38],"tags":[1534,1536,56,164,654,653],"_links":{"self":[{"href":"https:\/\/www.elgrillitosuena.com\/inicio\/wp-json\/wp\/v2\/posts\/6725"}],"collection":[{"href":"https:\/\/www.elgrillitosuena.com\/inicio\/wp-json\/wp\/v2\/posts"}],"about":[{"href":"https:\/\/www.elgrillitosuena.com\/inicio\/wp-json\/wp\/v2\/types\/post"}],"author":[{"embeddable":true,"href":"https:\/\/www.elgrillitosuena.com\/inicio\/wp-json\/wp\/v2\/users\/6"}],"replies":[{"embeddable":true,"href":"https:\/\/www.elgrillitosuena.com\/inicio\/wp-json\/wp\/v2\/comments?post=6725"}],"version-history":[{"count":1,"href":"https:\/\/www.elgrillitosuena.com\/inicio\/wp-json\/wp\/v2\/posts\/6725\/revisions"}],"predecessor-version":[{"id":6728,"href":"https:\/\/www.elgrillitosuena.com\/inicio\/wp-json\/wp\/v2\/posts\/6725\/revisions\/6728"}],"wp:featuredmedia":[{"embeddable":true,"href":"https:\/\/www.elgrillitosuena.com\/inicio\/wp-json\/wp\/v2\/media\/6726"}],"wp:attachment":[{"href":"https:\/\/www.elgrillitosuena.com\/inicio\/wp-json\/wp\/v2\/media?parent=6725"}],"wp:term":[{"taxonomy":"category","embeddable":true,"href":"https:\/\/www.elgrillitosuena.com\/inicio\/wp-json\/wp\/v2\/categories?post=6725"},{"taxonomy":"post_tag","embeddable":true,"href":"https:\/\/www.elgrillitosuena.com\/inicio\/wp-json\/wp\/v2\/tags?post=6725"}],"curies":[{"name":"wp","href":"https:\/\/api.w.org\/{rel}","templated":true}]}}