{"id":6722,"date":"2021-05-14T18:15:28","date_gmt":"2021-05-14T18:15:28","guid":{"rendered":"https:\/\/www.elgrillitosuena.com\/inicio\/?p=6722"},"modified":"2021-05-14T18:15:28","modified_gmt":"2021-05-14T18:15:28","slug":"chivas-si-fracaso-admite-pelaez","status":"publish","type":"post","link":"https:\/\/www.elgrillitosuena.com\/inicio\/noticias\/deportes\/chivas-si-fracaso-admite-pelaez\/","title":{"rendered":"Chivas s\u00ed fracas\u00f3, admite Pel\u00e1ez"},"content":{"rendered":"<p><img decoding=\"async\" src=\"https:\/\/cdn2.excelsior.com.mx\/media\/styles\/grande\/public\/pictures\/2021\/05\/14\/2578556.jpg\" alt=\"Ricardo Pel\u00e1ez no responsabiliz\u00f3 a V\u00edctor Manuel Vucetich del fracaso en el actual torneo (Mexsport)\" \/><\/p>\n<p>Despu\u00e9s de haberse anunciado la\u00a0<a href=\"https:\/\/www.excelsior.com.mx\/adrenalina\/vuchetich-seguira-siendo-el-pastor-de-chivas\/1448733\" target=\"_blank\" rel=\"noopener noreferrer\"><strong>renovaci\u00f3n de contrato por un a\u00f1o m\u00e1s para V\u00edctor Manuel Vucetich<\/strong><\/a>,\u00a0<strong>Ricardo Pel\u00e1ez<\/strong>\u00a0acept\u00f3 que\u00a0<a href=\"https:\/\/www.excelsior.com.mx\/adrenalina\/chivas-del-guadalajara\" target=\"_blank\" rel=\"noopener noreferrer\"><strong>Chivas<\/strong><\/a>\u00a0fracaso en el actual torneo y\u00a0explic\u00f3\u00a0por qu\u00e9\u00a0se mantiene &#8220;Vuce&#8221; en el puesto de director t\u00e9cnico.<\/p>\n<p>&#8220;S\u00ed lo es, estamos dolidos. La reclasificaci\u00f3n est\u00e1 dentro de la clasificaci\u00f3n. A los aficionados no les interesa esta parte.\u00a0<strong>S\u00ed es un fracaso, estamos dolidos y apenados<\/strong>. Pero nadie nos dijo que ser\u00eda un camino sencillo. Chivas como instituci\u00f3n viene de una crisis fuerte, por eso me buscaron, el equipo llevaba tres a\u00f1os sin Liguilla, afortunadamente rompimos la mala racha. El primer torneo que se suspende quedamos en quinto, despu\u00e9s en semifinales y ahora quedamos en reclasificaci\u00f3n. Tenemos jugadores de Tapat\u00edo en el primer equipo. Creo que estamos haciendo las cosas coherente y congruente con lo que se dijo&#8221;, declar\u00f3 Ricardo Pel\u00e1ez a Chivas TV.<\/p>\n<p>Tras culminar el primer a\u00f1o de la gesti\u00f3n de V\u00edctor Manuel Vucetich, el an\u00e1lisis de la directiva dio como resultado que la renovaci\u00f3n del &#8216;Rey Midas&#8217; era lo m\u00e1s coherente para este proyecto.<\/p>\n<p>&#8220;Locura es hacer las mismas cosas y esperar resultados diferentes.\u00a0<strong>Quiero hacer una apuesta diferente con la continuidad de V\u00edctor<\/strong>.\u00a0<strong>Es irreal pensar que el \u00fanico responsable del mal torneo es V\u00edctor<\/strong>, esa conclusi\u00f3n ya la sacamos con los anteriores t\u00e9cnicos, los \u00faltimos que pasaron&#8221;, asegurando que el estratega no fue el \u00fanico responsable del mal torneo en el Guard1anes 2021.<\/p>\n<p>La estad\u00edstica de porcentaje de efectividad es una de las causas por las que se queda V\u00edctor Manuel. El t\u00e9cnico mexicano tiene una de las mejores efectividades de los \u00faltimos t\u00e9cnicos en Chivas desde el t\u00edtulo del Clausura 2017. Adem\u00e1s de ser la tercera mejor en el \u00faltimo a\u00f1o futbol\u00edstico en la Liga MX.<\/p>\n<p>&#8220;<strong>La efectividad de V\u00edctor est\u00e1 por encima del 50 por ciento<\/strong>, es la m\u00e1s alta de los \u00faltimos t\u00e9cnicos. Tiene un 52 por ciento\u00a0de efectividad. Ese es el an\u00e1lisis. Para qu\u00e9 cortar un proceso, no iniciaremos de cero. Mucho o poco, ya llevamos un recorrido en conocimiento del plantel, entendimiento, filosof\u00eda, procesos internos. Sabemos que nos falta mucho, pero el problema del torneo que acaba de terminar no solo es V\u00edctor, no lo voy a responsabilizar, respetando su proceso&#8221;, cerr\u00f3.<\/p>\n<p>Con informaci\u00f3n de Excelsior<\/p>\n","protected":false},"excerpt":{"rendered":"<p>Despu\u00e9s de haberse anunciado la\u00a0renovaci\u00f3n de contrato por un a\u00f1o m\u00e1s para V\u00edctor Manuel Vucetich,\u00a0Ricardo Pel\u00e1ez\u00a0acept\u00f3 que\u00a0Chivas\u00a0fracaso en el actual torneo y\u00a0explic\u00f3\u00a0por qu\u00e9\u00a0se mantiene &#8220;Vuce&#8221; en el puesto de director t\u00e9cnico. &#8220;S\u00ed lo es, estamos dolidos. La reclasificaci\u00f3n est\u00e1 dentro de la clasificaci\u00f3n. A los aficionados no les interesa esta parte.\u00a0S\u00ed es un fracaso, estamos &hellip;<\/p>\n","protected":false},"author":6,"featured_media":6723,"comment_status":"open","ping_status":"closed","sticky":false,"template":"","format":"standard","meta":[],"categories":[45],"tags":[605,85,688],"_links":{"self":[{"href":"https:\/\/www.elgrillitosuena.com\/inicio\/wp-json\/wp\/v2\/posts\/6722"}],"collection":[{"href":"https:\/\/www.elgrillitosuena.com\/inicio\/wp-json\/wp\/v2\/posts"}],"about":[{"href":"https:\/\/www.elgrillitosuena.com\/inicio\/wp-json\/wp\/v2\/types\/post"}],"author":[{"embeddable":true,"href":"https:\/\/www.elgrillitosuena.com\/inicio\/wp-json\/wp\/v2\/users\/6"}],"replies":[{"embeddable":true,"href":"https:\/\/www.elgrillitosuena.com\/inicio\/wp-json\/wp\/v2\/comments?post=6722"}],"version-history":[{"count":1,"href":"https:\/\/www.elgrillitosuena.com\/inicio\/wp-json\/wp\/v2\/posts\/6722\/revisions"}],"predecessor-version":[{"id":6724,"href":"https:\/\/www.elgrillitosuena.com\/inicio\/wp-json\/wp\/v2\/posts\/6722\/revisions\/6724"}],"wp:featuredmedia":[{"embeddable":true,"href":"https:\/\/www.elgrillitosuena.com\/inicio\/wp-json\/wp\/v2\/media\/6723"}],"wp:attachment":[{"href":"https:\/\/www.elgrillitosuena.com\/inicio\/wp-json\/wp\/v2\/media?parent=6722"}],"wp:term":[{"taxonomy":"category","embeddable":true,"href":"https:\/\/www.elgrillitosuena.com\/inicio\/wp-json\/wp\/v2\/categories?post=6722"},{"taxonomy":"post_tag","embeddable":true,"href":"https:\/\/www.elgrillitosuena.com\/inicio\/wp-json\/wp\/v2\/tags?post=6722"}],"curies":[{"name":"wp","href":"https:\/\/api.w.org\/{rel}","templated":true}]}}