{"id":6707,"date":"2021-05-04T16:49:17","date_gmt":"2021-05-04T16:49:17","guid":{"rendered":"https:\/\/www.elgrillitosuena.com\/inicio\/?p=6707"},"modified":"2021-05-14T16:54:42","modified_gmt":"2021-05-14T16:54:42","slug":"alfredo-ramirez-bedolla-presenta-a-su-equipo-de-campana-en-contienda-por-gubernatura-de-michoacan","status":"publish","type":"post","link":"https:\/\/www.elgrillitosuena.com\/inicio\/noticias\/alfredo-ramirez-bedolla-presenta-a-su-equipo-de-campana-en-contienda-por-gubernatura-de-michoacan\/","title":{"rendered":"Alfredo Ram\u00edrez Bedolla presenta a su equipo de campa\u00f1a en contienda por gubernatura de Michoac\u00e1n"},"content":{"rendered":"<p class=\"p1\"><img decoding=\"async\" loading=\"lazy\" class=\"alignnone size-medium wp-image-6708\" src=\"https:\/\/www.elgrillitosuena.com\/inicio\/wp-content\/uploads\/2021\/05\/WhatsApp-Image-2021-05-14-at-11.52.51-300x200.jpeg\" alt=\"\" width=\"300\" height=\"200\" srcset=\"https:\/\/www.elgrillitosuena.com\/inicio\/wp-content\/uploads\/2021\/05\/WhatsApp-Image-2021-05-14-at-11.52.51-300x200.jpeg 300w, https:\/\/www.elgrillitosuena.com\/inicio\/wp-content\/uploads\/2021\/05\/WhatsApp-Image-2021-05-14-at-11.52.51.jpeg 750w\" sizes=\"(max-width: 300px) 100vw, 300px\" \/><\/p>\n<p class=\"p2\">El equipo de campa\u00f1a del candidato a la gubernatura de Michoac\u00e1n por Morena y el PT, Alfredo Ram\u00edrez Bedolla, tendr\u00e1 al extitular de la Semarnat V\u00edctor Toledo Manzur, mientras que su esposa realizar\u00e1 una &#8220;campa\u00f1a paralela&#8221; en apoyo.<\/p>\n<p class=\"p2\">El candidato a la\u00a0<b>gubernatura de Michoac\u00e1n<\/b>\u00a0por\u00a0<b>Morena<\/b>\u00a0y el\u00a0<b>PT<\/b>,\u00a0<b>Alfredo Ram\u00edrez Bedolla<\/b>, present\u00f3 este martes a su equipo de campa\u00f1a, a quien defini\u00f3 como un grupo \u201cplural e incluyente\u201d para impulsar la &#8220;regeneraci\u00f3n del poder p\u00fablico en Michoac\u00e1n&#8221;.<\/p>\n<p class=\"p2\">Ram\u00edrez Bedolla, quien inici\u00f3 su campa\u00f1a a la gubernatura apenas este domingo, luego de reemplazar a\u00a0<b>Ra\u00fal Mor\u00f3n<\/b>\u00a0en la boleta electoral dijo que su equipo est\u00e1 conformado por integrantes de distintas corrientes de Morena y tambi\u00e9n sin filiaciones partidistas.<\/p>\n<p class=\"p2\">En los\u00a0<span class=\"s1\">primeros d\u00edas de su campa\u00f1<\/span><span class=\"s1\">a<\/span>\u00a0el nuevo aspirante a la gubernatura de Michoac\u00e1n estuvo acompa\u00f1ado por algunos l\u00edderes del partido Movimiento de Regeneraci\u00f3n Nacional (<b>Morena<\/b>) como su presidente nacional,\u00a0<b>Mario Delgado<\/b>, y\u00a0<b>Ra\u00fal<\/b>\u00a0<b>Mor\u00f3n<\/b>\u00a0\u2014quien fue nombrado dirigente estatal de Morena tras haber perdido su registro como candidato\u2014 durante el mitin del arranque de su campa\u00f1a realizado en Morelia, Michoac\u00e1n. Este lunes sostuvo una reuni\u00f3n con empresarios donde tambi\u00e9n estuvo acompa\u00f1ado de Mario Delgado.<\/p>\n<p class=\"p2\">Previo a la presentaci\u00f3n de su equipo de campa\u00f1a, Ram\u00edrez Bedolla comparti\u00f3 en sus redes sociales una publicaci\u00f3n, acompa\u00f1ado del exgobernador de Michoac\u00e1n y candidato presidencial,\u00a0<b>Cuauht\u00e9moc C\u00e1rdenas Sol\u00f3rzano<\/b>, uno de los l\u00edderes m\u00e1s prominentes de la izquierda mexicana y un personaje cercano al presidente\u00a0<b>Andr\u00e9s Manuel L\u00f3pez Obrador\u00a0<\/b>y\u00a0<b>Morena<\/b>.<\/p>\n<p class=\"p2\">El equipo de campa\u00f1a de Alfredo Ram\u00edrez Bedolla est\u00e1 conformado por 13 hombres y 6 mujeres, entre los que destacan el extitular de la\u00a0<b>Secretar\u00eda de Medio Ambiente y Recursos Naturales\u00a0<\/b>(<b>Semarnat<\/b>),\u00a0<b>V\u00edctor Toledo Manzur<\/b>. Toledo Manzur, quien\u00a0<span class=\"s1\">abandon\u00f3 la Semarnat en septiembre del 2020<\/span>\u00a0debido a causas de salud luego de permanecer poco m\u00e1s de un a\u00f1o en dicha dependencia, estar\u00e1 asesorando a Ram\u00edrez Bedolla en temas de desarrollo sustentable, de acuerdo con un comunicado de prensa.<\/p>\n<p class=\"p2\">El candidato de\u00a0<b>Morena-PT<\/b>\u00a0por la gubernatura tambi\u00e9n inform\u00f3 que su esposa\u00a0<b>Grisel Tello Pimentel\u00a0<\/b>encabezar\u00e1 una \u201ccampa\u00f1a paralela al candidato\u201d.<\/p>\n<p class=\"p2\">El equipo de campa\u00f1a de Ram\u00edrez Bedolla estar\u00e1 conformado por:<\/p>\n<ul class=\"ul1\">\n<li class=\"li2\">Roberto Reyes Cosari (Coordinador de campa\u00f1a)<\/li>\n<li class=\"li2\">Carlos Torres Pi\u00f1a (Coordinador Operativo)<\/li>\n<li class=\"li2\">Ra\u00fal Zepeda Villase\u00f1or (Secretario particular<\/li>\n<li class=\"li2\">David Soto Quizaman (Fiscalizaci\u00f3n)<\/li>\n<li class=\"li2\">Gabriela Molina Aguilar (Visi\u00f3n estrat\u00e9gica)<\/li>\n<li class=\"li2\">Miguel \u00c1ngel Arellano (Defensa Jur\u00eddica)<\/li>\n<li class=\"li2\">Sergio Pimentel, Juan Pablo Celis (Promoci\u00f3n del voto)<\/li>\n<li class=\"li2\">Carlos M\u00e1rquez (Comunicaci\u00f3n)<\/li>\n<li class=\"li2\">Roberto Monroy (Log\u00edstica)<\/li>\n<li class=\"li2\">Grisel Tello Pimentel, Paula Espinoza (Campa\u00f1a paralela al candidato)<\/li>\n<li class=\"li2\">Antonio Madriz, Giulianna Bugarini (Coordinaci\u00f3n de Voceros)<\/li>\n<li class=\"li2\">Tamara Sosa Alanis (Atenci\u00f3n Ciudadana)<\/li>\n<li class=\"li2\">Oscar Celis Silva (Avanzada)<\/li>\n<li class=\"li2\">Hebert Flores (Enlace con sectores sociales)<\/li>\n<li class=\"li2\">Luis Navarro Garc\u00eda (Coordinador con el sector empresarial)<\/li>\n<li class=\"li2\">V\u00edctor Toledo (Desarrollo Sostenible)<\/li>\n<li class=\"li2\">Gladyz Butanda Flores (Coordinaci\u00f3n de mujeres)<\/li>\n<li class=\"li2\">Denisse Chantal Paulin Nateras (Coordinaci\u00f3n de j\u00f3venes)<\/li>\n<\/ul>\n<p class=\"p2\">Ram\u00edrez Bedolla inform\u00f3 que sostendr\u00eda una gira de proselitismo, acompa\u00f1ado por los aspirantes a candidatos y presidencias municipales locales que se disputar\u00e1n en la elecci\u00f3n del de junio, por las ciudades de\u00a0<b>P\u00e1tzcuaro<\/b>,\u00a0<b>Santa<\/b>\u00a0<b>Clara del Cobre<\/b>\u00a0y\u00a0<b>Uruapan<\/b>\u00a0donde se reunir\u00e1 con distintas agrupaciones civiles y de la ciudadan\u00eda de\u00a0<b>Morelia<\/b>.<\/p>\n","protected":false},"excerpt":{"rendered":"<p>El equipo de campa\u00f1a del candidato a la gubernatura de Michoac\u00e1n por Morena y el PT, Alfredo Ram\u00edrez Bedolla, tendr\u00e1 al extitular de la Semarnat V\u00edctor Toledo Manzur, mientras que su esposa realizar\u00e1 una &#8220;campa\u00f1a paralela&#8221; en apoyo. El candidato a la\u00a0gubernatura de Michoac\u00e1n\u00a0por\u00a0Morena\u00a0y el\u00a0PT,\u00a0Alfredo Ram\u00edrez Bedolla, present\u00f3 este martes a su equipo de campa\u00f1a, &hellip;<\/p>\n","protected":false},"author":6,"featured_media":6708,"comment_status":"open","ping_status":"closed","sticky":false,"template":"","format":"standard","meta":[],"categories":[51],"tags":[],"_links":{"self":[{"href":"https:\/\/www.elgrillitosuena.com\/inicio\/wp-json\/wp\/v2\/posts\/6707"}],"collection":[{"href":"https:\/\/www.elgrillitosuena.com\/inicio\/wp-json\/wp\/v2\/posts"}],"about":[{"href":"https:\/\/www.elgrillitosuena.com\/inicio\/wp-json\/wp\/v2\/types\/post"}],"author":[{"embeddable":true,"href":"https:\/\/www.elgrillitosuena.com\/inicio\/wp-json\/wp\/v2\/users\/6"}],"replies":[{"embeddable":true,"href":"https:\/\/www.elgrillitosuena.com\/inicio\/wp-json\/wp\/v2\/comments?post=6707"}],"version-history":[{"count":1,"href":"https:\/\/www.elgrillitosuena.com\/inicio\/wp-json\/wp\/v2\/posts\/6707\/revisions"}],"predecessor-version":[{"id":6709,"href":"https:\/\/www.elgrillitosuena.com\/inicio\/wp-json\/wp\/v2\/posts\/6707\/revisions\/6709"}],"wp:featuredmedia":[{"embeddable":true,"href":"https:\/\/www.elgrillitosuena.com\/inicio\/wp-json\/wp\/v2\/media\/6708"}],"wp:attachment":[{"href":"https:\/\/www.elgrillitosuena.com\/inicio\/wp-json\/wp\/v2\/media?parent=6707"}],"wp:term":[{"taxonomy":"category","embeddable":true,"href":"https:\/\/www.elgrillitosuena.com\/inicio\/wp-json\/wp\/v2\/categories?post=6707"},{"taxonomy":"post_tag","embeddable":true,"href":"https:\/\/www.elgrillitosuena.com\/inicio\/wp-json\/wp\/v2\/tags?post=6707"}],"curies":[{"name":"wp","href":"https:\/\/api.w.org\/{rel}","templated":true}]}}