{"id":6428,"date":"2021-05-06T17:07:55","date_gmt":"2021-05-06T17:07:55","guid":{"rendered":"https:\/\/www.elgrillitosuena.com\/inicio\/?p=6428"},"modified":"2021-05-06T19:10:48","modified_gmt":"2021-05-06T19:10:48","slug":"empresarios-se-reunen-con-candidatos-de-morena","status":"publish","type":"post","link":"https:\/\/www.elgrillitosuena.com\/inicio\/noticias\/uruapan\/empresarios-se-reunen-con-candidatos-de-morena\/","title":{"rendered":"Empresarios se re\u00fanen con candidatos de Morena"},"content":{"rendered":"<p><img decoding=\"async\" loading=\"lazy\" class=\"alignnone wp-image-6429\" src=\"https:\/\/www.elgrillitosuena.com\/inicio\/wp-content\/uploads\/2021\/05\/WhatsApp-Image-2021-05-06-at-12.02.37-PM-300x226.jpeg\" alt=\"\" width=\"538\" height=\"405\" srcset=\"https:\/\/www.elgrillitosuena.com\/inicio\/wp-content\/uploads\/2021\/05\/WhatsApp-Image-2021-05-06-at-12.02.37-PM-300x226.jpeg 300w, https:\/\/www.elgrillitosuena.com\/inicio\/wp-content\/uploads\/2021\/05\/WhatsApp-Image-2021-05-06-at-12.02.37-PM-1024x772.jpeg 1024w, https:\/\/www.elgrillitosuena.com\/inicio\/wp-content\/uploads\/2021\/05\/WhatsApp-Image-2021-05-06-at-12.02.37-PM-768x579.jpeg 768w, https:\/\/www.elgrillitosuena.com\/inicio\/wp-content\/uploads\/2021\/05\/WhatsApp-Image-2021-05-06-at-12.02.37-PM.jpeg 1469w\" sizes=\"(max-width: 538px) 100vw, 538px\" \/><\/p>\n<p>Ignacio Campos Equihua, candidato a la alcald\u00eda de Uruapan, se reuni\u00f3 con integrantes de la C\u00e1mara Nacional de Comercio de este municipio (Canaco), a quienes reconoci\u00f3 como el principal motor de la econom\u00eda en el municipio.<br \/>\nNacho Campos se\u00f1al\u00f3 que el sector empresarial genera m\u00e1s de 80 mil empleos formales en la regi\u00f3n; por lo que dijo, ser\u00e1 importante unir esfuerzos con este sector, la sociedad civil organizada y el gobierno municipal, para generar mejores condiciones para el municipio.<\/p>\n<p><img decoding=\"async\" loading=\"lazy\" class=\"alignnone wp-image-6430\" src=\"https:\/\/www.elgrillitosuena.com\/inicio\/wp-content\/uploads\/2021\/05\/WhatsApp-Image-2021-05-06-at-12.02.38-PM-300x225.jpeg\" alt=\"\" width=\"528\" height=\"396\" srcset=\"https:\/\/www.elgrillitosuena.com\/inicio\/wp-content\/uploads\/2021\/05\/WhatsApp-Image-2021-05-06-at-12.02.38-PM-300x225.jpeg 300w, https:\/\/www.elgrillitosuena.com\/inicio\/wp-content\/uploads\/2021\/05\/WhatsApp-Image-2021-05-06-at-12.02.38-PM-1024x768.jpeg 1024w, https:\/\/www.elgrillitosuena.com\/inicio\/wp-content\/uploads\/2021\/05\/WhatsApp-Image-2021-05-06-at-12.02.38-PM-768x576.jpeg 768w, https:\/\/www.elgrillitosuena.com\/inicio\/wp-content\/uploads\/2021\/05\/WhatsApp-Image-2021-05-06-at-12.02.38-PM.jpeg 1152w\" sizes=\"(max-width: 528px) 100vw, 528px\" \/><br \/>\n&#8220;Otro de los factores para construir mejores condiciones de vida para la mayor\u00eda, ser\u00e1 adelgazar la n\u00f3mina municipal; ya que de cada peso que nos llega de presupuesto, 80 centavos se gastan en salarios. Por eso no hay dinero para los servicios p\u00fablicos&#8221;.<br \/>\nFinalmente, Campos Equihua indic\u00f3 que es su obligaci\u00f3n atender a todos por igual, por lo que escuch\u00f3 las principales demandas de este sector, las cuales fueron tener mayor seguridad, participaci\u00f3n ciudadana, transparencia en el manejo de los recursos p\u00fablicos y libertad de tr\u00e1nsito, factores que afectan el desempe\u00f1o de este sector.<\/p>\n","protected":false},"excerpt":{"rendered":"<p>Ignacio Campos Equihua, candidato a la alcald\u00eda de Uruapan, se reuni\u00f3 con integrantes de la C\u00e1mara Nacional de Comercio de este municipio (Canaco), a quienes reconoci\u00f3 como el principal motor de la econom\u00eda en el municipio. Nacho Campos se\u00f1al\u00f3 que el sector empresarial genera m\u00e1s de 80 mil empleos formales en la regi\u00f3n; por lo &hellip;<\/p>\n","protected":false},"author":6,"featured_media":6429,"comment_status":"open","ping_status":"closed","sticky":false,"template":"","format":"standard","meta":[],"categories":[37],"tags":[62,494,1588,63],"_links":{"self":[{"href":"https:\/\/www.elgrillitosuena.com\/inicio\/wp-json\/wp\/v2\/posts\/6428"}],"collection":[{"href":"https:\/\/www.elgrillitosuena.com\/inicio\/wp-json\/wp\/v2\/posts"}],"about":[{"href":"https:\/\/www.elgrillitosuena.com\/inicio\/wp-json\/wp\/v2\/types\/post"}],"author":[{"embeddable":true,"href":"https:\/\/www.elgrillitosuena.com\/inicio\/wp-json\/wp\/v2\/users\/6"}],"replies":[{"embeddable":true,"href":"https:\/\/www.elgrillitosuena.com\/inicio\/wp-json\/wp\/v2\/comments?post=6428"}],"version-history":[{"count":1,"href":"https:\/\/www.elgrillitosuena.com\/inicio\/wp-json\/wp\/v2\/posts\/6428\/revisions"}],"predecessor-version":[{"id":6431,"href":"https:\/\/www.elgrillitosuena.com\/inicio\/wp-json\/wp\/v2\/posts\/6428\/revisions\/6431"}],"wp:featuredmedia":[{"embeddable":true,"href":"https:\/\/www.elgrillitosuena.com\/inicio\/wp-json\/wp\/v2\/media\/6429"}],"wp:attachment":[{"href":"https:\/\/www.elgrillitosuena.com\/inicio\/wp-json\/wp\/v2\/media?parent=6428"}],"wp:term":[{"taxonomy":"category","embeddable":true,"href":"https:\/\/www.elgrillitosuena.com\/inicio\/wp-json\/wp\/v2\/categories?post=6428"},{"taxonomy":"post_tag","embeddable":true,"href":"https:\/\/www.elgrillitosuena.com\/inicio\/wp-json\/wp\/v2\/tags?post=6428"}],"curies":[{"name":"wp","href":"https:\/\/api.w.org\/{rel}","templated":true}]}}