{"id":6347,"date":"2021-05-04T19:12:59","date_gmt":"2021-05-04T19:12:59","guid":{"rendered":"https:\/\/www.elgrillitosuena.com\/inicio\/?p=6347"},"modified":"2021-05-04T19:12:59","modified_gmt":"2021-05-04T19:12:59","slug":"izan-bandera-a-media-asta-mexico-de-luto-tras-accidente-en-metro","status":"publish","type":"post","link":"https:\/\/www.elgrillitosuena.com\/inicio\/noticias\/mexico\/izan-bandera-a-media-asta-mexico-de-luto-tras-accidente-en-metro\/","title":{"rendered":"Izan bandera a media asta, M\u00e9xico de luto tras accidente en Metro"},"content":{"rendered":"<p><img decoding=\"async\" src=\"https:\/\/cdn2.excelsior.com.mx\/media\/styles\/image800x600\/public\/pictures\/2021\/05\/04\/2572864.jpg\" \/><\/p>\n<p>El gobierno de la Ciudad de M\u00e9xico dio a conocer que en se\u00f1al de luto por las v\u00edctimas del lamentable suceso registrado en la L\u00ednea 12 del Metro, la ma\u00f1ana de este martes 4 de mayo se iz\u00f3 la Bandera Nacional a media asta en los edificios de Gobierno, el Congreso y Palacio Nacional, en Plaza de la Constituci\u00f3n.<\/p>\n<p>Hasta ahora con cifra actualizada, el n\u00famero de personas que han perdido la vida luego del tr\u00e1gico accidente entre las estaciones Olivos y Tezonco se elev\u00f3 a 24.<\/p>\n<p>La mayor\u00eda de los fallecidos no han sido reconocidos hasta el momento.<\/p>\n<p>Adem\u00e1s del Gobierno capitalino y Federal, tambi\u00e9n autoridades y embajadas de distintos pa\u00edses han expresado sus condolencias y solidaridad con M\u00e9xico.<\/p>\n<p>El primer ministro de Canad\u00e1, Justin Trudeau, la embajada de Estados Unidos en M\u00e9xico extern\u00f3 su disposici\u00f3n a apoyar a las autoridades capitalinas. Rusia igual ofreci\u00f3 solidaridad, la embajada alemana, Francia, China, la Uni\u00f3n Europea y su embajador, Gautier Mignot, tambi\u00e9n se sumaron a las muestras de apoyo.<\/p>\n<p>Con informaci\u00f3n de Excelsior<\/p>\n","protected":false},"excerpt":{"rendered":"<p>El gobierno de la Ciudad de M\u00e9xico dio a conocer que en se\u00f1al de luto por las v\u00edctimas del lamentable suceso registrado en la L\u00ednea 12 del Metro, la ma\u00f1ana de este martes 4 de mayo se iz\u00f3 la Bandera Nacional a media asta en los edificios de Gobierno, el Congreso y Palacio Nacional, en &hellip;<\/p>\n","protected":false},"author":6,"featured_media":6348,"comment_status":"open","ping_status":"closed","sticky":false,"template":"","format":"standard","meta":[],"categories":[39],"tags":[1669,1670,156],"_links":{"self":[{"href":"https:\/\/www.elgrillitosuena.com\/inicio\/wp-json\/wp\/v2\/posts\/6347"}],"collection":[{"href":"https:\/\/www.elgrillitosuena.com\/inicio\/wp-json\/wp\/v2\/posts"}],"about":[{"href":"https:\/\/www.elgrillitosuena.com\/inicio\/wp-json\/wp\/v2\/types\/post"}],"author":[{"embeddable":true,"href":"https:\/\/www.elgrillitosuena.com\/inicio\/wp-json\/wp\/v2\/users\/6"}],"replies":[{"embeddable":true,"href":"https:\/\/www.elgrillitosuena.com\/inicio\/wp-json\/wp\/v2\/comments?post=6347"}],"version-history":[{"count":1,"href":"https:\/\/www.elgrillitosuena.com\/inicio\/wp-json\/wp\/v2\/posts\/6347\/revisions"}],"predecessor-version":[{"id":6349,"href":"https:\/\/www.elgrillitosuena.com\/inicio\/wp-json\/wp\/v2\/posts\/6347\/revisions\/6349"}],"wp:featuredmedia":[{"embeddable":true,"href":"https:\/\/www.elgrillitosuena.com\/inicio\/wp-json\/wp\/v2\/media\/6348"}],"wp:attachment":[{"href":"https:\/\/www.elgrillitosuena.com\/inicio\/wp-json\/wp\/v2\/media?parent=6347"}],"wp:term":[{"taxonomy":"category","embeddable":true,"href":"https:\/\/www.elgrillitosuena.com\/inicio\/wp-json\/wp\/v2\/categories?post=6347"},{"taxonomy":"post_tag","embeddable":true,"href":"https:\/\/www.elgrillitosuena.com\/inicio\/wp-json\/wp\/v2\/tags?post=6347"}],"curies":[{"name":"wp","href":"https:\/\/api.w.org\/{rel}","templated":true}]}}